{"id":200608,"date":"2026-09-03T04:25:24","date_gmt":"2026-09-03T08:25:24","guid":{"rendered":"https:\/\/innowise.com\/?p=200608"},"modified":"2026-09-04T02:13:56","modified_gmt":"2026-09-04T06:13:56","slug":"it-arbeitnehmerueberlassung","status":"publish","type":"post","link":"https:\/\/innowise.com\/de\/blog\/it-arbeitnehmerueberlassung\/","title":{"rendered":"IT \u2013 Arbeitnehmer\u00fcberlassung in Deutschland: Vorteile, Top-Anbieter und Einsatzbereiche"},"content":{"rendered":"\t\t<div data-elementor-type=\"wp-post\" data-elementor-id=\"200608\" class=\"elementor elementor-200608\">\n\t\t\t\t<div class=\"elementor-element elementor-element-819836f e-flex e-con-boxed e-con e-parent\" data-id=\"819836f\" data-element_type=\"container\" data-settings=\"{&quot;background_background&quot;:&quot;classic&quot;}\">\n\t\t\t\t\t<div class=\"e-con-inner\">\n\t\t\t\t<div class=\"elementor-element elementor-element-c955e32 elementor-widget__width-initial elementor-widget elementor-widget-html\" data-id=\"c955e32\" data-element_type=\"widget\" data-widget_type=\"html.default\">\n\t\t\t\t<div class=\"elementor-widget-container\">\n\t\t\t\t\t<style>\n    .blackUl-sm{\n        padding: 0;\n        display: flex;\n        flex-direction: column;\n        gap: 10px;\n        padding-left: 30px;\n    }\n    \n    @media (max-width: 767px){\n       .blackUl-sm{\n           gap: 8px;\n           padding-left: 24px;\n       } \n       h1 {\n           overflow-wrap: break-word;\n       }\n    }\n<\/style>\t\t\t\t<\/div>\n\t\t\t\t<\/div>\n\t\t\t\t<div class=\"elementor-element elementor-element-93f634e elementor-widget-tablet__width-inherit elementor-widget__width-initial elementor-widget elementor-widget-heading\" data-id=\"93f634e\" data-element_type=\"widget\" data-widget_type=\"heading.default\">\n\t\t\t\t<div class=\"elementor-widget-container\">\n\t\t\t\t\t<h1 class=\"elementor-heading-title elementor-size-default\">IT-Arbeitnehmer\u00fcberlassung in Deutschland: Vorteile, Top-Anbieter und Einsatzbereiche<\/h1>\t\t\t\t<\/div>\n\t\t\t\t<\/div>\n\t\t\t\t<div class=\"elementor-element elementor-element-a0ba38f elementor-widget__width-initial elementor-widget elementor-widget-html\" data-id=\"a0ba38f\" data-element_type=\"widget\" data-widget_type=\"html.default\">\n\t\t\t\t<div class=\"elementor-widget-container\">\n\t\t\t\t\t<div class=\"heroBottom\">\r\n  <div>\r\n    <a href=\"\/authors\/ivan-shatukha\/\">Ivan Shatukha<\/a>\r\n  <\/div>\r\n\r\n  <div class=\"second\">\r\n    <span>Sep 3, 2026<\/span>\r\n    <span>18 min read<\/span>\r\n  <\/div>\r\n<\/div>\t\t\t\t<\/div>\n\t\t\t\t<\/div>\n\t\t\t\t\t<\/div>\n\t\t\t\t<\/div>\n\t\t<div class=\"elementor-element elementor-element-b399fb9 elementor-hidden-desktop elementor-hidden-tablet e-flex e-con-boxed e-con e-parent\" data-id=\"b399fb9\" data-element_type=\"container\">\n\t\t\t\t\t<div class=\"e-con-inner\">\n\t\t\t\t<div class=\"elementor-element elementor-element-523b86d elementor-widget elementor-widget-image\" data-id=\"523b86d\" data-element_type=\"widget\" data-widget_type=\"image.default\">\n\t\t\t\t<div class=\"elementor-widget-container\">\n\t\t\t\t\t\t\t\t\t\t\t\t\t\t\t<img fetchpriority=\"high\" decoding=\"async\" width=\"439\" height=\"330\" src=\"https:\/\/innowise.com\/wp-content\/uploads\/2026\/09\/image.png\" class=\"attachment-large size-large wp-image-200610\" alt=\"\" srcset=\"https:\/\/innowise.com\/wp-content\/uploads\/2026\/09\/image.png 439w, https:\/\/innowise.com\/wp-content\/uploads\/2026\/09\/image-300x226.png 300w, https:\/\/innowise.com\/wp-content\/uploads\/2026\/09\/image-16x12.png 16w\" sizes=\"(max-width: 439px) 100vw, 439px\" \/>\t\t\t\t\t\t\t\t\t\t\t\t\t\t\t<\/div>\n\t\t\t\t<\/div>\n\t\t\t\t\t<\/div>\n\t\t\t\t<\/div>\n\t\t<div class=\"elementor-element elementor-element-970be0b article-description e-con-full e-flex e-con e-parent\" data-id=\"970be0b\" data-element_type=\"container\" data-settings=\"{&quot;background_background&quot;:&quot;classic&quot;}\">\n\t\t<div class=\"elementor-element elementor-element-f2465c0 author-article e-con-full e-flex e-con e-child\" data-id=\"f2465c0\" data-element_type=\"container\" data-settings=\"{&quot;background_background&quot;:&quot;classic&quot;}\">\n\t\t<div class=\"elementor-element elementor-element-e6efd78 e-con-full e-flex e-con e-child\" data-id=\"e6efd78\" data-element_type=\"container\">\n\t\t<div class=\"elementor-element elementor-element-3d76e49 e-con-full e-flex e-con e-child\" data-id=\"3d76e49\" data-element_type=\"container\">\n\t\t\t\t<div class=\"elementor-element elementor-element-ef45fbb elementor-widget elementor-widget-shortcode\" data-id=\"ef45fbb\" data-element_type=\"widget\" data-widget_type=\"shortcode.default\">\n\t\t\t\t<div class=\"elementor-widget-container\">\n\t\t\t\t\t\t\t<div class=\"elementor-shortcode\">[summarize_button_ai]<\/div>\n\t\t\t\t\t\t<\/div>\n\t\t\t\t<\/div>\n\t\t\t\t<\/div>\n\t\t\t\t<div class=\"elementor-element elementor-element-c6a501d elementor-widget elementor-widget-text-editor\" data-id=\"c6a501d\" data-element_type=\"widget\" data-widget_type=\"text-editor.default\">\n\t\t\t\t<div class=\"elementor-widget-container\">\n\t\t\t\t\t\t\t\t\t<p><span style=\"font-weight: 400;\">Auf dem Papier wirkt IT-Arbeitnehmer\u00fcberlassung unkompliziert: Sie ben\u00f6tigen einen Entwickler, ein Personaldienstleister hat den passenden Spezialisten, und dieser verst\u00e4rkt Ihr Team f\u00fcr einen begrenzten Zeitraum.<\/span><\/p><p><span style=\"font-weight: 400;\">In Deutschland ist dabei jedoch ein wichtiger rechtlicher Aspekt zu ber\u00fccksichtigen: IT-Arbeitnehmer\u00fcberlassung ist nicht einfach eine kommerzielle Bezeichnung f\u00fcr den Einsatz externer Entwickler, sondern ein reguliertes Besch\u00e4ftigungsmodell. Der Spezialist bleibt beim Personaldienstleister angestellt, arbeitet jedoch innerhalb der Organisation des Kunden und folgt dessen Weisungen im Arbeitsalltag. Das <\/span><a href=\"https:\/\/www.gesetze-im-internet.de\/englisch_a_g\/englisch_a_g.html\" target=\"_blank\" rel=\"noopener noopenner noreferrer\"><span style=\"font-weight: 400;\">deutsche Recht<\/span><\/a><span style=\"font-weight: 400;\"> nennt die Eingliederung in die Arbeitsorganisation des Kunden und die Weisungsgebundenheit ausdr\u00fccklich als wesentliche Merkmale der Arbeitnehmer\u00fcberlassung.<\/span><\/p><p><span style=\"font-weight: 400;\">Diese Unterscheidung ist wichtiger, als viele Unternehmen zun\u00e4chst erwarten.<\/span><\/p><p><span style=\"font-weight: 400;\">Aus Unternehmenssicht kommt es vor allem auf zwei Fragen an: Wer soll die Arbeit steuern und wer soll die Verantwortung f\u00fcr das Ergebnis \u00fcbernehmen? Die Antworten darauf zeigen meist schnell, welches Sourcing-Modell am besten passt.<\/span><\/p><p><span style=\"font-weight: 400;\">Wenn Sie Spezialisten ben\u00f6tigen, die f\u00fcr einen begrenzten Zeitraum direkt in Ihrem Team arbeiten, kann IT-Arbeitnehmer\u00fcberlassung die passende L\u00f6sung sein. Ben\u00f6tigen Sie zus\u00e4tzliche Entwicklungskapazit\u00e4ten \u00fcber einen Technologiepartner, eignet sich m\u00f6glicherweise <\/span><a href=\"\/de\/entwickler-einstellen\/it-personal-aufstockung\/\"><span style=\"font-weight: 400;\">IT-Personalerweiterung<\/span><\/a><span style=\"font-weight: 400;\"> besser. M\u00f6chten Sie hingegen die Verantwortung f\u00fcr ein System, Produkt, eine Migration oder einen bestimmten Workstream vollst\u00e4ndig \u00fcbertragen, ist <\/span><a href=\"\/de\/dienstleistungen\/softwareentwicklung-auslagern\/\"><span style=\"font-weight: 400;\">IT-Outsourcing<\/span><\/a><span style=\"font-weight: 400;\"> in der Regel die sinnvollere Option.<\/span><\/p>\t\t\t\t\t\t\t\t<\/div>\n\t\t\t\t<\/div>\n\t\t<div class=\"elementor-element elementor-element-27f6da7 e-con-full takeways e-flex e-con e-child\" data-id=\"27f6da7\" data-element_type=\"container\">\n\t\t\t\t<div class=\"elementor-element elementor-element-e65d259 elementor-widget elementor-widget-heading\" data-id=\"e65d259\" data-element_type=\"widget\" data-widget_type=\"heading.default\">\n\t\t\t\t<div class=\"elementor-widget-container\">\n\t\t\t\t\t<h2 class=\"elementor-heading-title elementor-size-default\">Wichtige Erkenntnisse<\/h2>\t\t\t\t<\/div>\n\t\t\t\t<\/div>\n\t\t\t\t<div class=\"elementor-element elementor-element-c8d5045 elementor-widget elementor-widget-text-editor\" data-id=\"c8d5045\" data-element_type=\"widget\" data-widget_type=\"text-editor.default\">\n\t\t\t\t<div class=\"elementor-widget-container\">\n\t\t\t\t\t\t\t\t\t<ul class=\"blackUl\"><li style=\"font-weight: 400;\" aria-level=\"1\"><span style=\"font-weight: 400;\">IT-Arbeitnehmer\u00fcberlassung ist in erster Linie ein Kapazit\u00e4tsmodell. Unternehmen erhalten tempor\u00e4r Zugriff auf Spezialisten, w\u00e4hrend sie deren t\u00e4gliche Arbeit weiterhin selbst steuern.<\/span><\/li><li style=\"font-weight: 400;\" aria-level=\"1\"><span style=\"font-weight: 400;\">Das tats\u00e4chliche Arbeitsmodell ist ebenso wichtig wie der Vertrag. In Deutschland sind die Eingliederung in die Organisation des Kunden und dessen Weisungsbefugnis zentrale Merkmale der Arbeitnehmer\u00fcberlassung.<\/span><\/li><li style=\"font-weight: 400;\" aria-level=\"1\"><span style=\"font-weight: 400;\">IT-Arbeitnehmer\u00fcberlassung, IT-Personalerweiterung und IT-Outsourcing l\u00f6sen unterschiedliche organisatorische Herausforderungen. Entscheidend ist, wer die Arbeit steuert und wer die Verantwortung f\u00fcr das Ergebnis tr\u00e4gt.<\/span><\/li><li style=\"font-weight: 400;\" aria-level=\"1\"><span style=\"font-weight: 400;\">Mehr Kontrolle bedeutet auch mehr Managementverantwortung. F\u00fcnf zus\u00e4tzliche Entwickler bilden nicht automatisch ein leistungsf\u00e4higes Projektteam, wenn Architektur, Produktmanagement, Engineering Management und Entscheidungsprozesse auf Kundenseite fehlen.<\/span><\/li><li style=\"font-weight: 400;\" aria-level=\"1\"><span style=\"font-weight: 400;\">Tempor\u00e4re Personalengp\u00e4sse sind ein typischer Anwendungsfall, dauerhafte Kapazit\u00e4tsengp\u00e4sse dagegen meist nicht. Bei langfristigem Kapazit\u00e4tsbedarf k\u00f6nnen Outsourcing, ein dediziertes Team oder eine Festanstellung das geeignetere Modell sein.<\/span><\/li><li style=\"font-weight: 400;\" aria-level=\"1\"><span style=\"font-weight: 400;\">IT-Personalerweiterung sollte nicht als rechtliche Ausnahme von den deutschen Besch\u00e4ftigungsvorschriften betrachtet werden. Es handelt sich um einen kommerziellen Begriff f\u00fcr ein Zusammenarbeitsmodell und nicht um eine gesetzlich definierte Besch\u00e4ftigungsform. Entscheidend ist daher, wie externe Spezialisten tats\u00e4chlich eingesetzt und gesteuert werden.<\/span><\/li><\/ul>\t\t\t\t\t\t\t\t<\/div>\n\t\t\t\t<\/div>\n\t\t\t\t<\/div>\n\t\t\t\t<\/div>\n\t\t<div class=\"elementor-element elementor-element-f2858d1 e-con-full e-flex e-con e-child\" data-id=\"f2858d1\" data-element_type=\"container\">\n\t\t\t\t<div class=\"elementor-element elementor-element-86cbb77 elementor-widget elementor-widget-heading\" data-id=\"86cbb77\" data-element_type=\"widget\" data-widget_type=\"heading.default\">\n\t\t\t\t<div class=\"elementor-widget-container\">\n\t\t\t\t\t<h2 class=\"elementor-heading-title elementor-size-default\">Was ist IT-Arbeitnehmer\u00fcberlassung (AN\u00dc)?<\/h2>\t\t\t\t<\/div>\n\t\t\t\t<\/div>\n\t\t\t\t<div class=\"elementor-element elementor-element-f6767d2 elementor-widget elementor-widget-text-editor\" data-id=\"f6767d2\" data-element_type=\"widget\" data-widget_type=\"text-editor.default\">\n\t\t\t\t<div class=\"elementor-widget-container\">\n\t\t\t\t\t\t\t\t\t<p><span style=\"font-weight: 400;\">Bei der <\/span><b>Arbeitnehmer\u00fcberlassung (AN\u00dc) im IT-Bereich<\/b><span style=\"font-weight: 400;\"> ist ein IT-Spezialist bei einem Unternehmen angestellt, arbeitet jedoch vor\u00fcbergehend f\u00fcr ein anderes Unternehmen und unter dessen Weisung.<\/span><\/p><p><span style=\"font-weight: 400;\">An diesem Modell sind drei Parteien beteiligt: <\/span><b>der IT-Spezialist, der Personaldienstleister und der Kunde<\/b><span style=\"font-weight: 400;\">.<\/span><\/p><p><span style=\"font-weight: 400;\">Der Personaldienstleister bleibt der Arbeitgeber des Spezialisten. Der Kunde erh\u00e4lt dessen Arbeitsleistung f\u00fcr einen vereinbarten Zeitraum und steuert die t\u00e4gliche Arbeit. Die <\/span><a href=\"https:\/\/www.arbeitsagentur.de\/unternehmen\/personalfragen\/pflichten-arbeitgeber\/arbeitnehmerueberlassung\" target=\"_blank\" rel=\"noopener noopenner noreferrer\"><span style=\"font-weight: 400;\">Bundesagentur f\u00fcr Arbeit<\/span><\/a><span style=\"font-weight: 400;\"> beschreibt die Arbeitnehmer\u00fcberlassung im Wesentlichen als ein solches Dreiecksverh\u00e4ltnis. Unternehmen, die Arbeitnehmer \u00fcberlassen, ben\u00f6tigen grunds\u00e4tzlich eine entsprechende Erlaubnis nach dem Arbeitnehmer\u00fcberlassungsgesetz.<\/span><\/p><p><span style=\"font-weight: 400;\">F\u00fcr IT-Abteilungen ist Arbeitnehmer\u00fcberlassung besonders dann interessant, wenn der Bedarf an bestimmten Fachkenntnissen kurzfristig schwankt und sich nicht \u00fcber die regul\u00e4re Personalplanung abdecken l\u00e4sst.<\/span><\/p><p><span style=\"font-weight: 400;\">Ein Unternehmen ben\u00f6tigt m\u00f6glicherweise kurzfristig einen zus\u00e4tzlichen <\/span><a href=\"\/de\/dienstleistungen\/erp\/sap\/beratung\/\"><span style=\"font-weight: 400;\">SAP-Berater<\/span><\/a><span style=\"font-weight: 400;\"> vor einem Cutover. F\u00fcr ein Security-Programm werden zus\u00e4tzliche Entwickler vor einem Audit ben\u00f6tigt. Eine <\/span><a href=\"\/de\/dienstleistungen\/cloud-migration\/\"><span style=\"font-weight: 400;\">Cloud-Migration<\/span><\/a><span style=\"font-weight: 400;\"> erreicht die Umsetzungsphase, w\u00e4hrend zwei wichtige interne Entwickler bereits in anderen Projekten gebunden sind. Oder ein Mitarbeiter geht f\u00fcr sechs Monate in Elternzeit, genau w\u00e4hrend ein kritisches Plattform-Upgrade ansteht.<\/span><\/p><p><span style=\"font-weight: 400;\">All das sind Kapazit\u00e4tsprobleme mit einem klar definierten operativen Bedarf. IT-Arbeitnehmer\u00fcberlassung kann diese L\u00fccken schlie\u00dfen, ohne dass das Unternehmen seine bestehende Projekt- oder Entwicklungsorganisation grundlegend ver\u00e4ndern muss.<\/span><\/p><p><span style=\"font-weight: 400;\">Genau deshalb sollte IT-Arbeitnehmer\u00fcberlassung nicht automatisch als Ersatz f\u00fcr Outsourcing betrachtet werden. Bei der Arbeitnehmer\u00fcberlassung erg\u00e4nzen Sie Ihre bestehende Organisation im Wesentlichen um zus\u00e4tzliche Fachkr\u00e4fte. Beim Outsourcing \u00fcbertragen Sie dagegen die Verantwortung f\u00fcr die Umsetzung an ein anderes Unternehmen.<\/span><\/p>\t\t\t\t\t\t\t\t<\/div>\n\t\t\t\t<\/div>\n\t\t\t\t<\/div>\n\t\t<div class=\"elementor-element elementor-element-9e300c8 e-con-full e-flex e-con e-child\" data-id=\"9e300c8\" data-element_type=\"container\">\n\t\t\t\t<div class=\"elementor-element elementor-element-10ff587 elementor-widget elementor-widget-heading\" data-id=\"10ff587\" data-element_type=\"widget\" data-widget_type=\"heading.default\">\n\t\t\t\t<div class=\"elementor-widget-container\">\n\t\t\t\t\t<h2 class=\"elementor-heading-title elementor-size-default\">Wie funktioniert IT-Arbeitnehmer\u00fcberlassung?<\/h2>\t\t\t\t<\/div>\n\t\t\t\t<\/div>\n\t\t\t\t<div class=\"elementor-element elementor-element-93a0403 elementor-widget elementor-widget-text-editor\" data-id=\"93a0403\" data-element_type=\"widget\" data-widget_type=\"text-editor.default\">\n\t\t\t\t<div class=\"elementor-widget-container\">\n\t\t\t\t\t\t\t\t\t<p><span style=\"font-weight: 400;\">Bei der IT-Arbeitnehmer\u00fcberlassung werden <\/span><b>rechtliches Besch\u00e4ftigungsverh\u00e4ltnis und operative Steuerung voneinander getrennt<\/b><span style=\"font-weight: 400;\">: Der Personaldienstleister besch\u00e4ftigt den Spezialisten, w\u00e4hrend der Kunde dessen Arbeit w\u00e4hrend des Einsatzes steuert.<\/span><\/p><p><span style=\"font-weight: 400;\">Typischerweise beginnt die Zusammenarbeit mit einem konkreten Ressourcenbedarf. Ein Unternehmen ben\u00f6tigt beispielsweise f\u00fcr einen bestimmten Zeitraum zwei Java-Entwickler, einen SAP-FI\/CO-Berater, einen DevOps Engineer oder einen Cybersecurity-Spezialisten.<\/span><\/p><p><span style=\"font-weight: 400;\">Der Personaldienstleister identifiziert geeignete Fachkr\u00e4fte und vereinbart den Einsatz mit dem Kunden. Nach Projektstart wird der Spezialist in das Arbeitsumfeld des Kunden integriert und arbeitet innerhalb dessen operativer Strukturen. In einem Softwareunternehmen kann das beispielsweise bedeuten, an Stand-ups teilzunehmen, mit dem Backlog des Kunden zu arbeiten, dessen Entwicklungsprozesse zu nutzen und Anweisungen von technischen Leitern oder Product Ownern zu erhalten.<\/span><\/p><p><span style=\"font-weight: 400;\">Das Arbeitsverh\u00e4ltnis besteht weiterhin mit dem Personaldienstleister, w\u00e4hrend die t\u00e4gliche Arbeit f\u00fcr den Kunden erfolgt.<\/span><\/p><p><span style=\"font-weight: 400;\">Genau diese Aufteilung ist der Grund daf\u00fcr, dass die Arbeitnehmer\u00fcberlassung reguliert ist. Nach dem <\/span><b>Arbeitnehmer\u00fcberlassungsgesetz (A\u00dcG)<\/b><span style=\"font-weight: 400;\"> ben\u00f6tigen Arbeitgeber, die ihre Arbeitnehmer gewerbsm\u00e4\u00dfig Dritten \u00fcberlassen, grunds\u00e4tzlich eine entsprechende Erlaubnis. Au\u00dferdem muss die Zusammenarbeit als Arbeitnehmer\u00fcberlassung gekennzeichnet werden, anstatt sie unter einer anderen Vertragsbezeichnung zu verschleiern.<\/span><\/p><p><span style=\"font-weight: 400;\">F\u00fcr CTOs l\u00e4sst sich daraus eine einfache praktische Regel ableiten: <\/span><b>IT-Arbeitnehmer\u00fcberlassung eignet sich, wenn Managementkapazit\u00e4ten vorhanden sind, vor\u00fcbergehend aber Fachkr\u00e4fte fehlen.<\/b><\/p><p><span style=\"font-weight: 400;\">Wenn intern niemand Zeit hat, Aufgaben zu definieren, Architekturentscheidungen zu pr\u00fcfen, Abh\u00e4ngigkeiten aufzul\u00f6sen, Produktentscheidungen zu treffen oder Projektrisiken zu managen, l\u00f6st ein zus\u00e4tzlicher Entwickler das eigentliche Problem nicht. Sie erh\u00f6hen lediglich die personelle Kapazit\u00e4t, ohne den eigentlichen organisatorischen Engpass zu beseitigen.<\/span><\/p><p><span style=\"font-weight: 400;\">Genau an diesem Punkt w\u00e4hlen Unternehmen h\u00e4ufig das falsche Sourcing-Modell.<\/span><\/p>\t\t\t\t\t\t\t\t<\/div>\n\t\t\t\t<\/div>\n\t\t\t\t<\/div>\n\t\t<div class=\"elementor-element elementor-element-06993c7 e-con-full e-flex e-con e-child\" data-id=\"06993c7\" data-element_type=\"container\">\n\t\t\t\t<div class=\"elementor-element elementor-element-55a4bfd elementor-widget elementor-widget-heading\" data-id=\"55a4bfd\" data-element_type=\"widget\" data-widget_type=\"heading.default\">\n\t\t\t\t<div class=\"elementor-widget-container\">\n\t\t\t\t\t<h2 class=\"elementor-heading-title elementor-size-default\">Arbeitnehmer\u00fcberlassung vs. IT-Personalerweiterung vs. IT-Outsourcing<\/h2>\t\t\t\t<\/div>\n\t\t\t\t<\/div>\n\t\t<div class=\"elementor-element elementor-element-53c47d1 e-con-full e-flex e-con e-child\" data-id=\"53c47d1\" data-element_type=\"container\">\n\t\t\t\t<div class=\"elementor-element elementor-element-ae24331 elementor-widget elementor-widget-text-editor\" data-id=\"ae24331\" data-element_type=\"widget\" data-widget_type=\"text-editor.default\">\n\t\t\t\t<div class=\"elementor-widget-container\">\n\t\t\t\t\t\t\t\t\t<p><span style=\"font-weight: 400;\">IT-Arbeitnehmer\u00fcberlassung, IT-Personalerweiterung und IT-Outsourcing werden h\u00e4ufig unter dem Oberbegriff \u201eexterne IT-Ressourcen\u201c zusammengefasst. Dabei handelt es sich jedoch um unterschiedliche Modelle.<\/span><\/p><p><span style=\"font-weight: 400;\">F\u00fcr einen sinnvollen Vergleich reichen zun\u00e4chst zwei Fragen: Wer steuert die Arbeit? Und wer tr\u00e4gt die Verantwortung f\u00fcr das Ergebnis?<\/span><\/p>\t\t\t\t\t\t\t\t<\/div>\n\t\t\t\t<\/div>\n\t\t\t\t<\/div>\n\t\t<div class=\"elementor-element elementor-element-e9d68db e-con-full e-flex e-con e-child\" data-id=\"e9d68db\" data-element_type=\"container\">\n\t\t\t\t<div class=\"elementor-element elementor-element-fe80c5f elementor-widget elementor-widget-html\" data-id=\"fe80c5f\" data-element_type=\"widget\" data-widget_type=\"html.default\">\n\t\t\t\t<div class=\"elementor-widget-container\">\n\t\t\t\t\t<style>\r\n\/* Universal Table Reset *\/\r\n    table, thead, tbody, tfoot, tr, th, td {\r\n      margin: 0;\r\n      padding: 0;\r\n      border: 0;\r\n      border-spacing: 0;\r\n      font-size: 100%;\r\n      font: inherit;\r\n      vertical-align: baseline;\r\n    }\r\n    \r\n    table {\r\n      border-collapse: collapse;\r\n      width: 100%; \/* Optional: stretches table to fit container *\/\r\n    }\r\n    \r\n    th {\r\n      font-weight: normal;\r\n      text-align: left; \/* Browser default for <th> is centered bold *\/\r\n    }\r\n\r\n    table th,\r\n    table td {\r\n      border: none;\r\n    }\r\n    \r\n    table thead:first-child tr:first-child th{\r\n        border-top: none;\r\n    }\r\n  .custom-table-wrapper{\r\n     overflow-x: auto; \r\n     scrollbar-width: thin;\r\n     scrollbar-color: #999999 #F5F5F7;\r\n  }\r\n  \r\n  .custom-table {\r\n    width: 100%;\r\n    margin: 0;\r\n    display: flex;\r\n    flex-direction: column;\r\n    border-collapse: collapse;\r\n    gap: 0;\r\n  }\r\n\r\n  .custom-table.row.data {\r\n    border-bottom: 1px solid black;\r\n  }\r\n\r\n  .custom-table .row {\r\n    display: grid;\r\n    font-size: 18px;\r\n    border-bottom: 1px solid #000;\r\n    font-weight: 600;\r\n  }\r\n\r\n  .custom-table .cell {\r\n    background-color: unset;\r\n    color: #2e2e2e;\r\n    font-family: Karla;\r\n    font-size: 18px;\r\n    font-weight: 400;\r\n    line-height: 27px;\r\n    vertical-align: top;\r\n    margin: 0;\r\n    padding: 20px;\r\n  }\r\n  \r\n  .custom-table .cell:first-child{\r\n      padding-left: 0;\r\n  }\r\n  \r\n  .custom-table .cell:last-child{\r\n      padding-right: 0;\r\n  }\r\n\r\n  .custom-table .header {\r\n    font-weight: 600;\r\n    border-bottom: 1px solid #000;\r\n    text-align: left;\r\n  }\r\n\r\n  .custom-table .row.header .cell {\r\n    font-weight: 700;\r\n    padding-top: 0;\r\n  }\r\n  \r\n  .cell > ul > li {\r\n      margin-left: -20px;\r\n  }\r\n\r\n  .custom-table .row.hidden {\r\n    display: none;\r\n  }\r\n  \r\n  .table-toggle {\r\n      display: inline-block;\r\n      color: #c63031;\r\n      font-family: Karla;\r\n      font-weight: 700;\r\n      font-size: 22px;\r\n      line-height: 150%;\r\n      margin-top: 20px;\r\n      margin-left: 20px;\r\n      cursor: pointer;\r\n    }\r\n  \r\n  .table-toggle {\r\n    display: none;\r\n  }\r\n\r\n  \/* ====== RESPONSIVE ====== *\/\r\n\r\n  @media (max-width: 1279px) {\r\n    .custom-table {\r\n      min-width: 1000px;\r\n    }\r\n  }\r\n  \r\n  @media (max-width: 1024px){\r\n      .table-toggle{\r\n          display: block;\r\n      }\r\n  }\r\n\r\n  @media (max-width: 767px) {\r\n    .custom-table {\r\n      min-width: 732px;\r\n    }\r\n\r\n    .custom-table .cell {\r\n      font-size: 14px;\r\n      line-height: 21px;\r\n      padding: 20px 10px;\r\n    }\r\n    \r\n    .table-toggle{\r\n        font-size: 16px;\r\n        line-height: 140%;\r\n    }\r\n  }\r\n  \r\n  .systems-comparison-table-2 .row{\r\n    grid-template-columns: 1fr 1fr 1fr 1fr;  \r\n  }\r\n  \r\n  .systems-comparison-table-2 .row .cell:first-child {\r\n      font-weight: 700;\r\n  }\r\n  \r\n<\/style>\r\n\r\n<script>\r\n  document.addEventListener(\"DOMContentLoaded\", () => {\r\n    const softwareRows = document.querySelectorAll(\".software-table .row.data\");\r\n    const softwareTableToggle = document.querySelector(\".software-table .table-toggle\");\r\n    const visibleCount = 4;\r\n\r\n    softwareRows.forEach((row, index) => {\r\n      if(matchMedia(\"(max-width: 1024px)\").matches) {\r\n        if (index >= visibleCount) row.classList.add(\"hidden\");\r\n      }\r\n    });\r\n\r\n    let expanded = false;\r\n\r\n    softwareTableToggle.addEventListener(\"click\", () => {\r\n      expanded = !expanded;\r\n\r\n      softwareRows.forEach((row, index) => {\r\n        if (!expanded && index >= visibleCount) {\r\n          row.classList.add(\"hidden\");\r\n        } else {\r\n          row.classList.remove(\"hidden\");\r\n        }\r\n      });\r\n\r\n      softwareTableToggle.textContent = expanded ? \"Show less\" : \"Show more\";\r\n    });\r\n  });\r\n<\/script>\t\t\t\t<\/div>\n\t\t\t\t<\/div>\n\t\t\t\t<div class=\"elementor-element elementor-element-ce2f25b elementor-widget elementor-widget-html\" data-id=\"ce2f25b\" data-element_type=\"widget\" data-widget_type=\"html.default\">\n\t\t\t\t<div class=\"elementor-widget-container\">\n\t\t\t\t\t<div class=\"systems-comparison-table-2\">\r\n    <div class=\"custom-table-wrapper\">\r\n        <table class=\"custom-table\">\r\n            <thead>\r\n                <tr class=\"row header\">\r\n                    <th class=\"cell\">Kriterium<\/th>\r\n                    <th class=\"cell\">IT-Arbeitnehmer\u00fcberlassung<\/th>\r\n                    <th class=\"cell\">IT-Personalerweiterung<\/th>\r\n                    <th class=\"cell\">IT-Outsourcing<\/th>\r\n                <\/tr>\r\n            <\/thead>\r\n            <tbody>\r\n                <tr class=\"row data\">\r\n                    <td class=\"cell\">Wer steuert die Arbeit?<\/td>\r\n                    <td class=\"cell\">Der Kunde steuert die t\u00e4gliche Arbeit des Spezialisten.<\/td>\r\n                    <td class=\"cell\">Der Kunde steuert die externen Spezialisten in der Regel gemeinsam mit seinem internen Engineering-Team; die vertragliche Ausgestaltung in Deutschland sollte dem tats\u00e4chlichen Arbeitsmodell entsprechen.<\/td>\r\n                    <td class=\"cell\">Der Dienstleister steuert das vereinbarte Projekt, den Service oder den Leistungsumfang.<\/td>\r\n                <\/tr>\r\n                <tr class=\"row data\">\r\n                    <td class=\"cell\">Teamintegration<\/td>\r\n                    <td class=\"cell\">Der Spezialist arbeitet innerhalb der Organisation des Kunden, bleibt jedoch beim Personaldienstleister angestellt.<\/td>\r\n                    <td class=\"cell\">Externe Entwickler erweitern die bestehende Entwicklungsorganisation und arbeiten eng mit internen Spezialisten zusammen.<\/td>\r\n                    <td class=\"cell\">Der Anbieter arbeitet in der Regel mit einer eigenen Projektstruktur, auch wenn eine enge Zusammenarbeit mit dem Kunden besteht.<\/td>\r\n                <\/tr>\r\n                <tr class=\"row data\">\r\n                    <td class=\"cell\">Projektverantwortung<\/td>\r\n                    <td class=\"cell\">Der Kunde tr\u00e4gt einen gro\u00dfen Teil der operativen Projektverantwortung; der Personaldienstleister bleibt der rechtliche Arbeitgeber.<\/td>\r\n                    <td class=\"cell\">Der Kunde beh\u00e4lt in der Regel die Produkt- und Projektverantwortung, w\u00e4hrend der Technologiepartner zus\u00e4tzliche Kapazit\u00e4ten oder Kompetenzen bereitstellt.<\/td>\r\n                    <td class=\"cell\">Der Anbieter \u00fcbernimmt die Verantwortung f\u00fcr einen vereinbarten Leistungsumfang, Service, Meilenstein oder ein bestimmtes Ergebnis.<\/td>\r\n                <\/tr>\r\n                <tr class=\"row data\">\r\n                    <td class=\"cell\">Am besten geeignet f\u00fcr<\/td>\r\n                    <td class=\"cell\">Tempor\u00e4re Personalengp\u00e4sse, Vertretungen, zeitlich begrenzten Fachkr\u00e4ftebedarf und kurzfristig ben\u00f6tigte zus\u00e4tzliche Kapazit\u00e4ten in Deutschland.<\/td>\r\n                    <td class=\"cell\">Die Erweiterung einer bestehenden Engineering-Organisation um zus\u00e4tzliche technische Kompetenzen oder Kapazit\u00e4ten.<\/td>\r\n                    <td class=\"cell\">End-to-End-Projekte, Managed Services, Modernisierungsprogramme oder Funktionen, bei denen das Unternehmen die Verantwortung f\u00fcr die Umsetzung an einen Anbieter \u00fcbertragen m\u00f6chte.<\/td>\r\n                <\/tr>\r\n            <\/tbody>\r\n        <\/table> \r\n    <\/div>\r\n    <\/div>\t\t\t\t<\/div>\n\t\t\t\t<\/div>\n\t\t\t\t<\/div>\n\t\t<div class=\"elementor-element elementor-element-97e7df3 e-con-full e-flex e-con e-child\" data-id=\"97e7df3\" data-element_type=\"container\">\n\t\t\t\t<div class=\"elementor-element elementor-element-722190c elementor-widget elementor-widget-text-editor\" data-id=\"722190c\" data-element_type=\"widget\" data-widget_type=\"text-editor.default\">\n\t\t\t\t<div class=\"elementor-widget-container\">\n\t\t\t\t\t\t\t\t\t<p><span style=\"font-weight: 400;\">F\u00fcr regulierte IT-Arbeitnehmer\u00fcberlassung arbeiten Unternehmen normalerweise mit einem <\/span><b>Personaldienstleister f\u00fcr Zeitarbeit<\/b><span style=\"font-weight: 400;\"> zusammen, der Arbeitnehmer im Rahmen der geltenden deutschen Vorschriften \u00fcberlassen darf. Nach Angaben der Bundesagentur f\u00fcr Arbeit muss die erforderliche Erlaubnis grunds\u00e4tzlich vorliegen, bevor ein Unternehmen mit der Arbeitnehmer\u00fcberlassung beginnt.<\/span><\/p><p><span style=\"font-weight: 400;\">Bei der IT-Personalerweiterung ist eine etwas genauere Betrachtung erforderlich.<\/span><\/p><p><b>IT-Personalerweiterung<\/b><span style=\"font-weight: 400;\"> wird im Technologiebereich als Bezeichnung f\u00fcr ein entsprechendes Zusammenarbeitsmodell verwendet, stellt jedoch keine eigenst\u00e4ndige gesetzliche Vertragskategorie im deutschen Recht dar. Wenn externe Spezialisten tats\u00e4chlich in die Organisation des Kunden eingegliedert werden und dessen Weisungen unterliegen, sollte die konkrete Ausgestaltung der Zusammenarbeit rechtlich gepr\u00fcft werden \u2013 unabh\u00e4ngig davon, wie die Dienstleistung im Angebot bezeichnet wird.<\/span><\/p><p><span style=\"font-weight: 400;\">Das bedeutet <\/span><i><span style=\"font-weight: 400;\">nicht<\/span><\/i><span style=\"font-weight: 400;\">, dass jede IT-Personalerweiterung automatisch Arbeitnehmer\u00fcberlassung ist. Unternehmen sollten vielmehr das tats\u00e4chliche Arbeitsmodell und die vertragliche Gestaltung gemeinsam planen, anstatt zuerst eine Bezeichnung zu w\u00e4hlen und anschlie\u00dfend zu versuchen, die operative Zusammenarbeit daran anzupassen.<\/span><\/p><p><span style=\"font-weight: 400;\">IT-Outsourcing befindet sich am anderen Ende des Spektrums. Statt vier Entwickler anzufordern, k\u00f6nnen Sie beispielsweise einen Anbieter damit beauftragen, einen Workload zu Azure zu migrieren, ein Kundenportal neu zu entwickeln, eine ERP-Plattform zu betreiben oder Application Support mit klar definierten Verantwortlichkeiten bereitzustellen.<\/span><\/p><p><span style=\"font-weight: 400;\">Sie kaufen also ein Ergebnis oder eine Dienstleistung \u2013 nicht lediglich zus\u00e4tzliche Arbeitskapazit\u00e4t.<\/span><\/p><p><span style=\"font-weight: 400;\">Dieser Unterschied wird besonders wichtig, wenn fehlende interne Managementkapazit\u00e4ten bereits der eigentliche Engpass sind.<\/span><\/p>\t\t\t\t\t\t\t\t<\/div>\n\t\t\t\t<\/div>\n\t\t\t\t<\/div>\n\t\t\t\t<div class=\"elementor-element elementor-element-b844c03 elementor-widget elementor-widget-image\" data-id=\"b844c03\" data-element_type=\"widget\" data-widget_type=\"image.default\">\n\t\t\t\t<div class=\"elementor-widget-container\">\n\t\t\t\t\t\t\t\t\t\t\t\t\t\t\t\t<a href=\"https:\/\/innowise.com\/wp-content\/uploads\/2026\/09\/arbeitnehmerueberlassung-it-personalerweiterung-it-outsourcing-vergleich.png\" data-elementor-open-lightbox=\"yes\" data-elementor-lightbox-title=\"arbeitnehmerueberlassung-it-personalerweiterung-it-outsourcing-vergleich\" data-e-action-hash=\"#elementor-action%3Aaction%3Dlightbox%26settings%3DeyJpZCI6MjAwNjEyLCJ1cmwiOiJodHRwczpcL1wvaW5ub3dpc2UuY29tXC93cC1jb250ZW50XC91cGxvYWRzXC8yMDI2XC8wOVwvYXJiZWl0bmVobWVydWViZXJsYXNzdW5nLWl0LXBlcnNvbmFsZXJ3ZWl0ZXJ1bmctaXQtb3V0c291cmNpbmctdmVyZ2xlaWNoLnBuZyJ9\">\n\t\t\t\t\t\t\t<img decoding=\"async\" width=\"1000\" height=\"657\" src=\"https:\/\/innowise.com\/wp-content\/uploads\/2026\/09\/arbeitnehmerueberlassung-it-personalerweiterung-it-outsourcing-vergleich.png\" class=\"attachment-full size-full wp-image-200612\" alt=\"Arbeitnehmer\u00fcberlassung vs. IT-Personalerweiterung vs. IT-Outsourcing im Vergleich\" srcset=\"https:\/\/innowise.com\/wp-content\/uploads\/2026\/09\/arbeitnehmerueberlassung-it-personalerweiterung-it-outsourcing-vergleich.png 1000w, https:\/\/innowise.com\/wp-content\/uploads\/2026\/09\/arbeitnehmerueberlassung-it-personalerweiterung-it-outsourcing-vergleich-300x197.png 300w, https:\/\/innowise.com\/wp-content\/uploads\/2026\/09\/arbeitnehmerueberlassung-it-personalerweiterung-it-outsourcing-vergleich-768x505.png 768w, https:\/\/innowise.com\/wp-content\/uploads\/2026\/09\/arbeitnehmerueberlassung-it-personalerweiterung-it-outsourcing-vergleich-18x12.png 18w\" sizes=\"(max-width: 1000px) 100vw, 1000px\" \/>\t\t\t\t\t\t\t\t<\/a>\n\t\t\t\t\t\t\t\t\t\t\t\t\t\t\t<\/div>\n\t\t\t\t<\/div>\n\t\t\t\t<\/div>\n\t\t<div class=\"elementor-element elementor-element-7f68930 e-con-full e-flex e-con e-child\" data-id=\"7f68930\" data-element_type=\"container\">\n\t\t\t\t<div class=\"elementor-element elementor-element-449e059 elementor-widget elementor-widget-heading\" data-id=\"449e059\" data-element_type=\"widget\" data-widget_type=\"heading.default\">\n\t\t\t\t<div class=\"elementor-widget-container\">\n\t\t\t\t\t<h2 class=\"elementor-heading-title elementor-size-default\">Vor- und Nachteile der IT-Arbeitnehmer\u00fcberlassung<\/h2>\t\t\t\t<\/div>\n\t\t\t\t<\/div>\n\t\t<div class=\"elementor-element elementor-element-fb6e552 e-con-full e-flex e-con e-child\" data-id=\"fb6e552\" data-element_type=\"container\">\n\t\t\t\t<div class=\"elementor-element elementor-element-5e86dad elementor-widget elementor-widget-text-editor\" data-id=\"5e86dad\" data-element_type=\"widget\" data-widget_type=\"text-editor.default\">\n\t\t\t\t<div class=\"elementor-widget-container\">\n\t\t\t\t\t\t\t\t\t<p><span style=\"font-weight: 400;\">Das Modell bietet Unternehmen einen entscheidenden Vorteil: tempor\u00e4re Kapazit\u00e4ten, ohne die operative Kontrolle \u00fcber die Arbeit abgeben zu m\u00fcssen.<\/span><\/p><p><span style=\"font-weight: 400;\">Genau diese St\u00e4rke ist zugleich die gr\u00f6\u00dfte Einschr\u00e4nkung des Modells. Sie behalten die Kontrolle, weil Sie die Arbeit weiterhin selbst steuern.<\/span><\/p>\t\t\t\t\t\t\t\t<\/div>\n\t\t\t\t<\/div>\n\t\t\t\t<\/div>\n\t\t\t\t<div class=\"elementor-element elementor-element-c53abef elementor-widget elementor-widget-image\" data-id=\"c53abef\" data-element_type=\"widget\" data-widget_type=\"image.default\">\n\t\t\t\t<div class=\"elementor-widget-container\">\n\t\t\t\t\t\t\t\t\t\t\t\t\t\t\t\t<a href=\"https:\/\/innowise.com\/wp-content\/uploads\/2026\/09\/vor-und-nachteile-it-arbeitnehmerueberlassung-deutschland.png\" data-elementor-open-lightbox=\"yes\" data-elementor-lightbox-title=\"vor-und-nachteile-it-arbeitnehmerueberlassung-deutschland\" data-e-action-hash=\"#elementor-action%3Aaction%3Dlightbox%26settings%3DeyJpZCI6MjAwNjEzLCJ1cmwiOiJodHRwczpcL1wvaW5ub3dpc2UuY29tXC93cC1jb250ZW50XC91cGxvYWRzXC8yMDI2XC8wOVwvdm9yLXVuZC1uYWNodGVpbGUtaXQtYXJiZWl0bmVobWVydWViZXJsYXNzdW5nLWRldXRzY2hsYW5kLnBuZyJ9\">\n\t\t\t\t\t\t\t<img decoding=\"async\" width=\"1000\" height=\"678\" src=\"https:\/\/innowise.com\/wp-content\/uploads\/2026\/09\/vor-und-nachteile-it-arbeitnehmerueberlassung-deutschland.png\" class=\"attachment-full size-full wp-image-200613\" alt=\"Vor- und Nachteile der IT-Arbeitnehmer\u00fcberlassung in Deutschland\" srcset=\"https:\/\/innowise.com\/wp-content\/uploads\/2026\/09\/vor-und-nachteile-it-arbeitnehmerueberlassung-deutschland.png 1000w, https:\/\/innowise.com\/wp-content\/uploads\/2026\/09\/vor-und-nachteile-it-arbeitnehmerueberlassung-deutschland-300x203.png 300w, https:\/\/innowise.com\/wp-content\/uploads\/2026\/09\/vor-und-nachteile-it-arbeitnehmerueberlassung-deutschland-768x521.png 768w, https:\/\/innowise.com\/wp-content\/uploads\/2026\/09\/vor-und-nachteile-it-arbeitnehmerueberlassung-deutschland-18x12.png 18w\" sizes=\"(max-width: 1000px) 100vw, 1000px\" \/>\t\t\t\t\t\t\t\t<\/a>\n\t\t\t\t\t\t\t\t\t\t\t\t\t\t\t<\/div>\n\t\t\t\t<\/div>\n\t\t<div class=\"elementor-element elementor-element-656704a e-con-full e-flex e-con e-child\" data-id=\"656704a\" data-element_type=\"container\">\n\t\t\t\t<div class=\"elementor-element elementor-element-4a726cb elementor-widget elementor-widget-heading\" data-id=\"4a726cb\" data-element_type=\"widget\" data-widget_type=\"heading.default\">\n\t\t\t\t<div class=\"elementor-widget-container\">\n\t\t\t\t\t<h3 class=\"elementor-heading-title elementor-size-default\">Vorteile<\/h3>\t\t\t\t<\/div>\n\t\t\t\t<\/div>\n\t\t\t\t<div class=\"elementor-element elementor-element-76f06ab elementor-widget elementor-widget-text-editor\" data-id=\"76f06ab\" data-element_type=\"widget\" data-widget_type=\"text-editor.default\">\n\t\t\t\t<div class=\"elementor-widget-container\">\n\t\t\t\t\t\t\t\t\t<p><span style=\"font-weight: 400;\">Der erste Vorteil ist die <\/span><b>Geschwindigkeit im Vergleich zur Festanstellung<\/b><span style=\"font-weight: 400;\">. Wenn ein erfahrener IT-Personaldienstleister bereits Zugriff auf geeignete Fachkr\u00e4fte hat, kann ein Unternehmen einen vor\u00fcbergehenden Personalbedarf decken, ohne einen vollst\u00e4ndigen langfristigen Recruiting-Prozess durchf\u00fchren zu m\u00fcssen.<\/span><\/p><p><span style=\"font-weight: 400;\">Zweitens erm\u00f6glicht IT-Arbeitnehmer\u00fcberlassung eine <\/span><b>flexiblere Anpassung der Kapazit\u00e4ten<\/b><span style=\"font-weight: 400;\"> an konkrete Gesch\u00e4ftssituationen. Dazu geh\u00f6ren beispielsweise Releases, Migrationen, Implementierungen, Mitarbeiterabwesenheiten, der Abbau eines Backlogs oder tempor\u00e4re Nachfragespitzen. Die verf\u00fcgbaren Ressourcen werden gezielt an den Zeitraum angepasst, in dem der Engpass tats\u00e4chlich besteht.<\/span><\/p><p><span style=\"font-weight: 400;\">Drittens k\u00f6nnen \u00fcberlassene Fachkr\u00e4fte <\/span><b>direkt innerhalb der bestehenden Arbeitsstrukturen t\u00e4tig werden<\/b><span style=\"font-weight: 400;\">. F\u00fcr Engineering-Verantwortliche kann das praktischer sein, als eine eng definierte Aufgabe an einen isoliert arbeitenden Drittanbieter zu vergeben. Ein erfahrener Spezialist kann direkt mit Ihrer Architektur, Ihrem Backlog, internen Entwicklern, Stakeholdern und etablierten Engineering-Prozessen arbeiten.<\/span><\/p><p><span style=\"font-weight: 400;\">Schlie\u00dflich behalten Sie die direkte Transparenz \u00fcber die Arbeit. Wenn Ihr Unternehmen bereits \u00fcber starke Product Owner, Tech Leads, Architekten und Engineering Manager verf\u00fcgt, kann diese Kontrolle einen erheblichen Vorteil bieten. Zwischen Ihrem Team und technischen Entscheidungen muss keine zus\u00e4tzliche Organisationsebene stehen.<\/span><\/p>\t\t\t\t\t\t\t\t<\/div>\n\t\t\t\t<\/div>\n\t\t\t\t<\/div>\n\t\t<div class=\"elementor-element elementor-element-1e60ba4 e-con-full e-flex e-con e-child\" data-id=\"1e60ba4\" data-element_type=\"container\">\n\t\t\t\t<div class=\"elementor-element elementor-element-38072aa elementor-widget elementor-widget-heading\" data-id=\"38072aa\" data-element_type=\"widget\" data-widget_type=\"heading.default\">\n\t\t\t\t<div class=\"elementor-widget-container\">\n\t\t\t\t\t<h3 class=\"elementor-heading-title elementor-size-default\">Nachteile<\/h3>\t\t\t\t<\/div>\n\t\t\t\t<\/div>\n\t\t\t\t<div class=\"elementor-element elementor-element-4658fcc elementor-widget elementor-widget-text-editor\" data-id=\"4658fcc\" data-element_type=\"widget\" data-widget_type=\"text-editor.default\">\n\t\t\t\t<div class=\"elementor-widget-container\">\n\t\t\t\t\t\t\t\t\t<p><span style=\"font-weight: 400;\">Die wichtigste Einschr\u00e4nkung wird leicht untersch\u00e4tzt: Mehr Personal bedeutet nicht automatisch mehr Umsetzungskapazit\u00e4t.<\/span><\/p><p><span style=\"font-weight: 400;\">Wenn Sie einem Team mit einem \u00fcberlasteten Architekten, einem unklaren Backlog, langsamen Zugriffsfreigaben und fehlenden Kapazit\u00e4ten f\u00fcr Code Reviews sechs Entwickler hinzuf\u00fcgen, werden diese sechs Entwickler den Engpass eher sichtbar machen als ihn beseitigen.<\/span><\/p><p><span style=\"font-weight: 400;\">Auch externe Spezialisten ben\u00f6tigen Entscheidungen. Sie brauchen Entwicklungsumgebungen und fachlichen Kontext. Jemand muss Abh\u00e4ngigkeiten aufl\u00f6sen und festlegen, wann eine Aufgabe tats\u00e4chlich abgeschlossen ist.<\/span><\/p><p><span style=\"font-weight: 400;\">Deshalb sollte IT-Arbeitnehmer\u00fcberlassung nicht allein deshalb gew\u00e4hlt werden, weil ein Projekt hinter dem Zeitplan liegt. Zun\u00e4chst sollte gekl\u00e4rt werden, warum es zu Verz\u00f6gerungen kommt.<\/span><\/p><p><span style=\"font-weight: 400;\">Fehlen einem gut organisierten Team tats\u00e4chlich lediglich zus\u00e4tzliche Kapazit\u00e4ten, kann dieses Modell sinnvoll sein.<\/span><\/p><p><span style=\"font-weight: 400;\">Liegen die Probleme dagegen bei unklaren Verantwortlichkeiten, schwacher Architektur, unzureichenden Anforderungen, instabilen Umgebungen oder fehlender Projektsteuerung, bek\u00e4mpfen zus\u00e4tzliche tempor\u00e4re Spezialisten lediglich die Symptome.<\/span><\/p><p><span style=\"font-weight: 400;\">Arbeitnehmer\u00fcberlassung ist zudem f\u00fcr zeitlich begrenzte Eins\u00e4tze gedacht und nicht daf\u00fcr, die Verantwortung f\u00fcr ein Projekt oder einen Service dauerhaft an einen anderen Anbieter zu \u00fcbertragen. Das deutsche Recht sieht grunds\u00e4tzlich eine maximale \u00dcberlassungsdauer von 18 aufeinanderfolgenden Monaten f\u00fcr denselben Leiharbeitnehmer bei demselben Entleiher vor, wobei Tarifvertr\u00e4ge unter bestimmten Voraussetzungen Abweichungen erm\u00f6glichen k\u00f6nnen.<\/span><\/p><p><span style=\"font-weight: 400;\">Bei Kompetenzen, die Sie voraussichtlich \u00fcber Jahre ben\u00f6tigen, k\u00f6nnen eine Festanstellung, IT-Personalerweiterung im Rahmen einer geeigneten Servicestruktur, ein dediziertes Entwicklungsteam oder Outsourcing daher sinnvoller sein.<\/span><\/p>\t\t\t\t\t\t\t\t<\/div>\n\t\t\t\t<\/div>\n\t\t\t\t<\/div>\n\t\t\t\t<\/div>\n\t\t<div class=\"elementor-element elementor-element-d98a80c e-con-full e-flex e-con e-child\" data-id=\"d98a80c\" data-element_type=\"container\">\n\t\t\t\t<div class=\"elementor-element elementor-element-1501c1a elementor-widget elementor-widget-heading\" data-id=\"1501c1a\" data-element_type=\"widget\" data-widget_type=\"heading.default\">\n\t\t\t\t<div class=\"elementor-widget-container\">\n\t\t\t\t\t<h2 class=\"elementor-heading-title elementor-size-default\">Wann lohnt sich IT-Arbeitnehmer\u00fcberlassung?<\/h2>\t\t\t\t<\/div>\n\t\t\t\t<\/div>\n\t\t<div class=\"elementor-element elementor-element-342341f e-con-full e-flex e-con e-child\" data-id=\"342341f\" data-element_type=\"container\">\n\t\t\t\t<div class=\"elementor-element elementor-element-786024b elementor-widget elementor-widget-text-editor\" data-id=\"786024b\" data-element_type=\"widget\" data-widget_type=\"text-editor.default\">\n\t\t\t\t<div class=\"elementor-widget-container\">\n\t\t\t\t\t\t\t\t\t<p><span style=\"font-weight: 400;\">AN\u00dc eignet sich, wenn<\/span><b> der Bedarf vor\u00fcbergehend ist, die ben\u00f6tigten Kompetenzen klar definiert sind und Ihre interne Organisation die Arbeit effektiv steuern kann<\/b><span style=\"font-weight: 400;\">.<\/span><\/p><p><span style=\"font-weight: 400;\">Diese Voraussetzungen sind wichtiger als die konkrete Technologie, f\u00fcr die Unterst\u00fctzung ben\u00f6tigt wird.<\/span><\/p><p><span style=\"font-weight: 400;\">ERP- und SAP-Programme sind ein typisches Beispiel. Das Kernteam kann in der Lage sein, die Transformation selbst zu steuern, ben\u00f6tigt aber vor\u00fcbergehend zus\u00e4tzliche Spezialisten f\u00fcr Konfiguration, Schnittstellen, Migration, Testing oder Cutover.<\/span><\/p><p><span style=\"font-weight: 400;\">\u00c4hnliches gilt f\u00fcr Cloud-Migrationen. Sobald Architektur und Migrationsstrategie feststehen, kann w\u00e4hrend der Umsetzungsphase kurzfristig zus\u00e4tzlicher Bedarf in den Bereichen Plattform, DevOps, Security und Application Engineering entstehen.<\/span><\/p><p><span style=\"font-weight: 400;\">Noch eindeutiger ist der Fall einer Mitarbeiterabwesenheit. Wenn ein wichtiger Entwickler oder Administrator mehrere Monate ausf\u00e4llt, existieren Rolle und Managementstruktur bereits. Das Unternehmen ben\u00f6tigt lediglich vor\u00fcbergehend zus\u00e4tzliche Kapazit\u00e4t.<\/span><\/p><p><span style=\"font-weight: 400;\">Die gleiche Logik gilt f\u00fcr Release-Termine, Security-Remediation-Programme, Infrastruktur\u00e4nderungen und tempor\u00e4re Spitzen in der Softwareentwicklung.<\/span><\/p><p><span style=\"font-weight: 400;\">Bei <\/span><b>Arbeitnehmer\u00fcberlassungsl\u00f6sungen f\u00fcr IT-Jobs<\/b><span style=\"font-weight: 400;\"> kommt es deshalb vor allem darauf an, den konkreten Personalbedarf pr\u00e4zise zu definieren. \u201eWir brauchen Entwickler\u201c ist wenig aussagekr\u00e4ftig. \u201eWir ben\u00f6tigen zwei Senior-Java-Entwickler f\u00fcr sechs Monate, um unter der Leitung unseres bestehenden Engineering Leads einen Kapazit\u00e4tsengpass im Payments-Workstream zu beseitigen\u201c ist deutlich konkreter.<\/span><\/p><p><span style=\"font-weight: 400;\">Je genauer Sie die bestehende L\u00fccke beschreiben k\u00f6nnen, desto wahrscheinlicher finden Sie nicht nur den richtigen Spezialisten, sondern auch das passende Besch\u00e4ftigungs- und Sourcing-Modell.<\/span><\/p>\t\t\t\t\t\t\t\t<\/div>\n\t\t\t\t<\/div>\n\t\t\t\t<\/div>\n\t\t\t\t<\/div>\n\t\t<div class=\"elementor-element elementor-element-c51682f e-con-full e-flex e-con e-child\" data-id=\"c51682f\" data-element_type=\"container\">\n\t\t\t\t<div class=\"elementor-element elementor-element-f9e0b98 elementor-widget elementor-widget-heading\" data-id=\"f9e0b98\" data-element_type=\"widget\" data-widget_type=\"heading.default\">\n\t\t\t\t<div class=\"elementor-widget-container\">\n\t\t\t\t\t<h2 class=\"elementor-heading-title elementor-size-default\">Top-Anbieter f\u00fcr externe IT-Fachkr\u00e4fte in Deutschland<\/h2>\t\t\t\t<\/div>\n\t\t\t\t<\/div>\n\t\t<div class=\"elementor-element elementor-element-4a85aee e-con-full e-flex e-con e-child\" data-id=\"4a85aee\" data-element_type=\"container\">\n\t\t\t\t<div class=\"elementor-element elementor-element-51e107c elementor-widget elementor-widget-text-editor\" data-id=\"51e107c\" data-element_type=\"widget\" data-widget_type=\"text-editor.default\">\n\t\t\t\t<div class=\"elementor-widget-container\">\n\t\t\t\t\t\t\t\t\t<p><span style=\"font-weight: 400;\">Deutsche Unternehmen k\u00f6nnen \u00fcber verschiedene Modelle auf externe IT-Fachkr\u00e4fte zugreifen \u2013 von IT-Arbeitnehmer\u00fcberlassung und Recruiting bis hin zu IT-Personalerweiterung und Outsourcing. Welcher Anbieter am besten geeignet ist, h\u00e4ngt weniger von dessen Unternehmensgr\u00f6\u00dfe ab als von der ben\u00f6tigten Unterst\u00fctzung, dem gew\u00fcnschten Ma\u00df an Kontrolle und der Frage, wer die Verantwortung f\u00fcr die Umsetzung \u00fcbernehmen soll.<\/span><\/p><p><span style=\"font-weight: 400;\">Hier ein kurzer Vergleich, bevor wir die einzelnen Anbieter genauer betrachten:<\/span><\/p>\t\t\t\t\t\t\t\t<\/div>\n\t\t\t\t<\/div>\n\t\t\t\t<\/div>\n\t\t<div class=\"elementor-element elementor-element-fcb2bc1 e-con-full e-flex e-con e-child\" data-id=\"fcb2bc1\" data-element_type=\"container\">\n\t\t\t\t<div class=\"elementor-element elementor-element-18af13e elementor-widget elementor-widget-html\" data-id=\"18af13e\" data-element_type=\"widget\" data-widget_type=\"html.default\">\n\t\t\t\t<div class=\"elementor-widget-container\">\n\t\t\t\t\t<style>\r\n\/* Universal Table Reset *\/\r\n    table, thead, tbody, tfoot, tr, th, td {\r\n      margin: 0;\r\n      padding: 0;\r\n      border: 0;\r\n      border-spacing: 0;\r\n      font-size: 100%;\r\n      font: inherit;\r\n      vertical-align: baseline;\r\n    }\r\n    \r\n    table {\r\n      border-collapse: collapse;\r\n      width: 100%; \/* Optional: stretches table to fit container *\/\r\n    }\r\n    \r\n    th {\r\n      font-weight: normal;\r\n      text-align: left; \/* Browser default for <th> is centered bold *\/\r\n    }\r\n\r\n    table th,\r\n    table td {\r\n      border: none;\r\n    }\r\n    \r\n    table thead:first-child tr:first-child th{\r\n        border-top: none;\r\n    }\r\n  .custom-table-wrapper{\r\n     overflow-x: auto; \r\n     scrollbar-width: thin;\r\n     scrollbar-color: #999999 #F5F5F7;\r\n  }\r\n  \r\n  .custom-table {\r\n    width: 100%;\r\n    margin: 0;\r\n    display: flex;\r\n    flex-direction: column;\r\n    border-collapse: collapse;\r\n    gap: 0;\r\n  }\r\n\r\n  .custom-table.row.data {\r\n    border-bottom: 1px solid black;\r\n  }\r\n\r\n  .custom-table .row {\r\n    display: grid;\r\n    font-size: 18px;\r\n    border-bottom: 1px solid #000;\r\n    font-weight: 600;\r\n  }\r\n\r\n  .custom-table .cell {\r\n    background-color: unset;\r\n    color: #2e2e2e;\r\n    font-family: Karla;\r\n    font-size: 18px;\r\n    font-weight: 400;\r\n    line-height: 27px;\r\n    vertical-align: top;\r\n    margin: 0;\r\n    padding: 20px;\r\n  }\r\n  \r\n  .custom-table .cell:first-child{\r\n      padding-left: 0;\r\n  }\r\n  \r\n  .custom-table .cell:last-child{\r\n      padding-right: 0;\r\n  }\r\n\r\n  .custom-table .header {\r\n    font-weight: 600;\r\n    border-bottom: 1px solid #000;\r\n    text-align: left;\r\n  }\r\n\r\n  .custom-table .row.header .cell {\r\n    font-weight: 700;\r\n    padding-top: 0;\r\n  }\r\n  \r\n  .cell > ul > li {\r\n      margin-left: -20px;\r\n  }\r\n\r\n  .custom-table .row.hidden {\r\n    display: none;\r\n  }\r\n  \r\n  .table-toggle {\r\n      display: inline-block;\r\n      color: #c63031;\r\n      font-family: Karla;\r\n      font-weight: 700;\r\n      font-size: 22px;\r\n      line-height: 150%;\r\n      margin-top: 20px;\r\n      margin-left: 20px;\r\n      cursor: pointer;\r\n    }\r\n  \r\n  .table-toggle {\r\n    display: none;\r\n  }\r\n\r\n  \/* ====== RESPONSIVE ====== *\/\r\n\r\n  @media (max-width: 1279px) {\r\n    .custom-table {\r\n      min-width: 1000px;\r\n    }\r\n  }\r\n  \r\n  @media (max-width: 1024px){\r\n      .table-toggle{\r\n          display: block;\r\n      }\r\n  }\r\n\r\n  @media (max-width: 767px) {\r\n    .custom-table {\r\n      min-width: 732px;\r\n    }\r\n\r\n    .custom-table .cell {\r\n      font-size: 14px;\r\n      line-height: 21px;\r\n      padding: 20px 10px;\r\n    }\r\n    \r\n    .table-toggle{\r\n        font-size: 16px;\r\n        line-height: 140%;\r\n    }\r\n  }\r\n  \r\n  .systems-comparison-table-2 .row{\r\n    grid-template-columns: 1fr 1fr 1fr 1fr;  \r\n  }\r\n  \r\n  .systems-comparison-table-2 .row .cell:first-child {\r\n      font-weight: 700;\r\n  }\r\n  @media (max-width: 768px) {\r\n      .systems-comparison-table-2 .row .cell img {\r\n          height: 14px;\r\n      }\r\n  }\r\n  \r\n<\/style>\r\n\r\n<script>\r\n  document.addEventListener(\"DOMContentLoaded\", () => {\r\n    const softwareRows = document.querySelectorAll(\".software-table .row.data\");\r\n    const softwareTableToggle = document.querySelector(\".software-table .table-toggle\");\r\n    const visibleCount = 4;\r\n\r\n    softwareRows.forEach((row, index) => {\r\n      if(matchMedia(\"(max-width: 1024px)\").matches) {\r\n        if (index >= visibleCount) row.classList.add(\"hidden\");\r\n      }\r\n    });\r\n\r\n    let expanded = false;\r\n\r\n    softwareTableToggle.addEventListener(\"click\", () => {\r\n      expanded = !expanded;\r\n\r\n      softwareRows.forEach((row, index) => {\r\n        if (!expanded && index >= visibleCount) {\r\n          row.classList.add(\"hidden\");\r\n        } else {\r\n          row.classList.remove(\"hidden\");\r\n        }\r\n      });\r\n\r\n      softwareTableToggle.textContent = expanded ? \"Show less\" : \"Show more\";\r\n    });\r\n  });\r\n<\/script>\t\t\t\t<\/div>\n\t\t\t\t<\/div>\n\t\t\t\t<div class=\"elementor-element elementor-element-49156d5 elementor-widget elementor-widget-html\" data-id=\"49156d5\" data-element_type=\"widget\" data-widget_type=\"html.default\">\n\t\t\t\t<div class=\"elementor-widget-container\">\n\t\t\t\t\t<div class=\"systems-comparison-table-2\">\r\n    <div class=\"custom-table-wrapper\">\r\n        <table class=\"custom-table\">\r\n            <thead>\r\n                <tr class=\"row header\">\r\n                    <th class=\"cell\">Unternehmen<\/th>\r\n                    <th class=\"cell\">Hauptmodell der Zusammenarbeit<\/th>\r\n                    <th class=\"cell\">Wichtigste St\u00e4rken<\/th>\r\n                    <th class=\"cell\">Am besten geeignet f\u00fcr<\/th>\r\n                <\/tr>\r\n            <\/thead>\r\n            <tbody>\r\n                <tr class=\"row data\">\r\n                    <td class=\"cell\"><a href=\"\/de\/\"><img decoding=\"async\" src=\"\/wp-content\/uploads\/2026\/09\/innowise-logo.svg\" alt=\"Innowise logo\"><\/a><\/td>\r\n                    <td class=\"cell\"><a href=\"\/de\/entwickler-einstellen\/it-personal-aufstockung\/\">IT-Personalerweiterung<\/a>, dedizierte Teams, IT-Outsourcing<\/td>\r\n                    <td class=\"cell\"><span id=\"employers-count\">3,500+<\/span> IT-Spezialisten, 40+ Branchen, breites Technologie-Know-how, Pr\u00e4senz in Deutschland durch die Innowise GmbH in Berlin<\/td>\r\n                    <td class=\"cell\">Deutsche Unternehmen, die Engineering-Teams skalieren, auf spezialisierte IT-Kompetenzen zugreifen oder die Softwareentwicklung auslagern m\u00f6chten<\/td>\r\n                <\/tr>\r\n                <tr class=\"row data\">\r\n                    <td class=\"cell\"><a href=\"https:\/\/www.hays.de\/\" target=\"_blank\" rel=\"noreferrer noopener\"><img decoding=\"async\" src=\"\/wp-content\/uploads\/2026\/09\/hays-logo.svg\"  alt=\"Hays logo\"><\/a><\/td>\r\n                    <td class=\"cell\">IT-Arbeitnehmer\u00fcberlassung, Recruiting, Contracting<\/td>\r\n                    <td class=\"cell\">Gro\u00dfes Talentnetzwerk, starke Pr\u00e4senz in Deutschland, etablierte Prozesse f\u00fcr die Arbeitnehmer\u00fcberlassung<\/td>\r\n                    <td class=\"cell\">Unternehmen, die tempor\u00e4re IT-Spezialisten \u00fcber einen klassischen Personaldienstleister suchen<\/td>\r\n                <\/tr>\r\n                <tr class=\"row data\">\r\n                    <td class=\"cell\"><img decoding=\"async\" src=\"\/wp-content\/uploads\/2026\/09\/amadeus-logo.svg\"  alt=\"Amadeus logo\"><\/td>\r\n                    <td class=\"cell\">IT-Arbeitnehmer\u00fcberlassung, Recruiting, Zeitarbeit<\/td>\r\n                    <td class=\"cell\">Fundierte Kenntnisse des deutschen Marktes, lokale Pr\u00e4senz, Fokus auf IT- und kaufm\u00e4nnische Fachkr\u00e4fte<\/td>\r\n                    <td class=\"cell\">Unternehmen, die tempor\u00e4re IT-Fachkr\u00e4fte oder Recruiting-Unterst\u00fctzung in Deutschland suchen<\/td>\r\n                <\/tr>\r\n            <\/tbody>\r\n        <\/table> \r\n    <\/div>\r\n<\/div>\t\t\t\t<\/div>\n\t\t\t\t<\/div>\n\t\t\t\t<\/div>\n\t\t\t\t<\/div>\n\t\t<div class=\"elementor-element elementor-element-d5d5cd4 e-con-full e-flex e-con e-child\" data-id=\"d5d5cd4\" data-element_type=\"container\">\n\t\t\t\t<div class=\"elementor-element elementor-element-330a533 elementor-widget elementor-widget-heading\" data-id=\"330a533\" data-element_type=\"widget\" data-widget_type=\"heading.default\">\n\t\t\t\t<div class=\"elementor-widget-container\">\n\t\t\t\t\t<h2 class=\"elementor-heading-title elementor-size-default\">Fazit<\/h2>\t\t\t\t<\/div>\n\t\t\t\t<\/div>\n\t\t\t\t<div class=\"elementor-element elementor-element-84306ac elementor-widget elementor-widget-text-editor\" data-id=\"84306ac\" data-element_type=\"widget\" data-widget_type=\"text-editor.default\">\n\t\t\t\t<div class=\"elementor-widget-container\">\n\t\t\t\t\t\t\t\t\t<p><span style=\"font-weight: 400;\">IT-Arbeitnehmer\u00fcberlassung eignet sich am besten, wenn Sie vor\u00fcbergehend zus\u00e4tzliche IT-Kapazit\u00e4ten ben\u00f6tigen und gleichzeitig die direkte Kontrolle \u00fcber die Arbeit behalten m\u00f6chten.<\/span><\/p><p><span style=\"font-weight: 400;\">Das klingt zun\u00e4chst einfach, doch die internen Managementkapazit\u00e4ten verdienen mindestens genauso viel Aufmerksamkeit wie die Auswahl externer Fachkr\u00e4fte. Bevor Sie Profile anfordern, sollten Sie pr\u00fcfen, ob Ihre Organisation \u00fcber ausreichend Kapazit\u00e4ten in Produktmanagement, Architektur, Engineering und Projektsteuerung verf\u00fcgt, um zus\u00e4tzliche Fachkr\u00e4fte tats\u00e4chlich in zus\u00e4tzliche Leistung umzusetzen.<\/span><\/p><p><span style=\"font-weight: 400;\">Wenn dies der Fall und der Bedarf zeitlich begrenzt ist, kann dieses Modell in Deutschland eine praktische L\u00f6sung sein.<\/span><\/p><p><span style=\"font-weight: 400;\">Fehlen dagegen die notwendigen Managementkapazit\u00e4ten, kann eine andere Form der Zusammenarbeit sinnvoller sein als zus\u00e4tzliches Personal. IT-Personalerweiterung kann eine bestehende Engineering-Organisation st\u00e4rken. Durch Outsourcing l\u00e4sst sich die Verantwortung f\u00fcr ein Projekt oder einen Service an einen Technologieanbieter \u00fcbertragen. Recruiting wiederum kann einen dauerhaften Kompetenzbedarf abdecken.<\/span><\/p><p><span style=\"font-weight: 400;\">Welches Modell am flexibelsten ist, h\u00e4ngt von den Anforderungen des Unternehmens ab. F\u00fcr einen CTO kann Flexibilit\u00e4t darin bestehen, drei Spezialisten f\u00fcr sechs Monate hinzuzuholen. F\u00fcr einen anderen bedeutet sie, eine komplette Cloud-Migration an ein Team zu \u00fcbergeben, das die Verantwortung f\u00fcr die Umsetzung \u00fcbernimmt.<\/span><\/p><p><span style=\"font-weight: 400;\">Entscheiden Sie zun\u00e4chst, welche Verantwortung Sie intern behalten m\u00f6chten. W\u00e4hlen Sie anschlie\u00dfend das passende Sourcing-Modell.<\/span><\/p><p><span style=\"font-weight: 400;\">Wenn Sie zwischen externen Spezialisten, einem erweiterten Engineering-Team und der Auslagerung eines Projekts oder Services w\u00e4hlen, kann Innowise Sie dabei unterst\u00fctzen, die Projektanforderungen zu bewerten und ein Zusammenarbeitsmodell zu finden, das zur Aufgabe passt \u2013 statt die Aufgabe an eine vordefinierte Struktur anzupassen.<\/span><\/p>\t\t\t\t\t\t\t\t<\/div>\n\t\t\t\t<\/div>\n\t\t\t\t<\/div>\n\t\t<div class=\"elementor-element elementor-element-7745742 e-con-full e-flex e-con e-child\" data-id=\"7745742\" data-element_type=\"container\">\n\t\t\t\t<div class=\"elementor-element elementor-element-6a53559 elementor-widget elementor-widget-heading\" data-id=\"6a53559\" data-element_type=\"widget\" data-widget_type=\"heading.default\">\n\t\t\t\t<div class=\"elementor-widget-container\">\n\t\t\t\t\t<h2 class=\"elementor-heading-title elementor-size-default\">FAQ<\/h2>\t\t\t\t<\/div>\n\t\t\t\t<\/div>\n\t\t<div class=\"elementor-element elementor-element-0be39d6 e-con-full e-flex e-con e-child\" data-id=\"0be39d6\" data-element_type=\"container\">\n\t\t\t\t<div class=\"elementor-element elementor-element-e4bf461 faq elementor-widget elementor-widget-n-accordion\" data-id=\"e4bf461\" data-element_type=\"widget\" data-settings=\"{&quot;default_state&quot;:&quot;all_collapsed&quot;,&quot;max_items_expended&quot;:&quot;one&quot;,&quot;n_accordion_animation_duration&quot;:{&quot;unit&quot;:&quot;ms&quot;,&quot;size&quot;:400,&quot;sizes&quot;:[]}}\" data-widget_type=\"nested-accordion.default\">\n\t\t\t\t<div class=\"elementor-widget-container\">\n\t\t\t\t\t\t\t<div class=\"e-n-accordion\" aria-label=\"Accordion. Open links with Enter or Space, close with Escape, and navigate with Arrow Keys\">\n\t\t\t\t\t\t<details id=\"e-n-accordion-item-2390\" class=\"e-n-accordion-item\" >\n\t\t\t\t<summary class=\"e-n-accordion-item-title\" data-accordion-index=\"1\" tabindex=\"0\" aria-expanded=\"false\" aria-controls=\"e-n-accordion-item-2390\" >\n\t\t\t\t\t<span class='e-n-accordion-item-title-header'><div class=\"e-n-accordion-item-title-text\"> Was ist der Unterschied zwischen Arbeitnehmer\u00fcberlassung und IT-Outsourcing? <\/div><\/span>\n\t\t\t\t\t\t\t<span class='e-n-accordion-item-title-icon'>\n\t\t\t<span class='e-opened' ><svg xmlns=\"http:\/\/www.w3.org\/2000\/svg\" width=\"40\" height=\"40\" fill=\"none\"><path fill=\"#C63031\" d=\"M8 21v-2h24v2z\"><\/path><\/svg><\/span>\n\t\t\t<span class='e-closed'><svg xmlns=\"http:\/\/www.w3.org\/2000\/svg\" width=\"40\" height=\"40\" fill=\"none\"><path fill=\"#C63031\" d=\"M19 8h2v24h-2z\"><\/path><path fill=\"#C63031\" d=\"M8 21v-2h24v2z\"><\/path><\/svg><\/span>\n\t\t<\/span>\n\n\t\t\t\t\t\t<\/summary>\n\t\t\t\t<div role=\"region\" aria-labelledby=\"e-n-accordion-item-2390\" class=\"elementor-element elementor-element-940483b e-con-full e-flex e-con e-child\" data-id=\"940483b\" data-element_type=\"container\">\n\t\t\t\t<div class=\"elementor-element elementor-element-e14ff51 elementor-widget elementor-widget-html\" data-id=\"e14ff51\" data-element_type=\"widget\" data-widget_type=\"html.default\">\n\t\t\t\t<div class=\"elementor-widget-container\">\n\t\t\t\t\t<div class='content content-with-list'>\n<p>\n   Bei der IT-Arbeitnehmer\u00fcberlassung werden externe Fachkr\u00e4fte vor\u00fcbergehend in die Organisation des Kunden integriert, w\u00e4hrend der Kunde ihre Arbeit steuert. Beim IT-Outsourcing \u00fcbernimmt ein externer Anbieter die Verantwortung f\u00fcr einen vereinbarten Service, ein Projekt oder einen bestimmten Projektbereich.\n<\/p>\n<p>\nVereinfacht gesagt: Bei der IT-Arbeitnehmer\u00fcberlassung kaufen Sie in erster Linie zus\u00e4tzliche Kapazit\u00e4t. Beim Outsourcing \u00fcbertragen Sie vor allem Verantwortung f\u00fcr die Umsetzung.\n<\/p>\n\n<\/div> \t\t\t\t<\/div>\n\t\t\t\t<\/div>\n\t\t\t\t<\/div>\n\t\t\t\t\t<\/details>\n\t\t\t\t\t\t<details id=\"e-n-accordion-item-2391\" class=\"e-n-accordion-item\" >\n\t\t\t\t<summary class=\"e-n-accordion-item-title\" data-accordion-index=\"2\" tabindex=\"-1\" aria-expanded=\"false\" aria-controls=\"e-n-accordion-item-2391\" >\n\t\t\t\t\t<span class='e-n-accordion-item-title-header'><div class=\"e-n-accordion-item-title-text\"> Was ist der Unterschied zwischen Freelancern und AN\u00dc? <\/div><\/span>\n\t\t\t\t\t\t\t<span class='e-n-accordion-item-title-icon'>\n\t\t\t<span class='e-opened' ><svg xmlns=\"http:\/\/www.w3.org\/2000\/svg\" width=\"40\" height=\"40\" fill=\"none\"><path fill=\"#C63031\" d=\"M8 21v-2h24v2z\"><\/path><\/svg><\/span>\n\t\t\t<span class='e-closed'><svg xmlns=\"http:\/\/www.w3.org\/2000\/svg\" width=\"40\" height=\"40\" fill=\"none\"><path fill=\"#C63031\" d=\"M19 8h2v24h-2z\"><\/path><path fill=\"#C63031\" d=\"M8 21v-2h24v2z\"><\/path><\/svg><\/span>\n\t\t<\/span>\n\n\t\t\t\t\t\t<\/summary>\n\t\t\t\t<div role=\"region\" aria-labelledby=\"e-n-accordion-item-2391\" class=\"elementor-element elementor-element-34a047b e-con-full e-flex e-con e-child\" data-id=\"34a047b\" data-element_type=\"container\">\n\t\t\t\t<div class=\"elementor-element elementor-element-e008181 elementor-widget elementor-widget-html\" data-id=\"e008181\" data-element_type=\"widget\" data-widget_type=\"html.default\">\n\t\t\t\t<div class=\"elementor-widget-container\">\n\t\t\t\t\t\n<div class='content content-with-list'>\n <p>\n Der grundlegende Unterschied liegt im Besch\u00e4ftigungsverh\u00e4ltnis.\n <\/p>\n <p>\n Bei der IT-Arbeitnehmer\u00fcberlassung ist der IT-Spezialist beim Personaldienstleister angestellt und wird vor\u00fcbergehend beim Kunden eingesetzt. Freelancer arbeiten dagegen selbstst\u00e4ndig auf Basis eines separaten Vertrags- oder B2B-Verh\u00e4ltnisses und werden nicht als Arbeitnehmer eines Personaldienstleisters \u00fcberlassen.\n <\/p>\n <p>\n Unternehmen sollten sich nicht allein anhand des Preises f\u00fcr eines der Modelle entscheiden. Relevant ist vielmehr, wie der Spezialist tats\u00e4chlich arbeiten wird, wie stark er in die Organisation integriert ist, wer Weisungen erteilt und welche vertragliche Struktur zu diesem Arbeitsmodell passt.\n <\/p>\n<\/div> \n\t\t\t\t<\/div>\n\t\t\t\t<\/div>\n\t\t\t\t<\/div>\n\t\t\t\t\t<\/details>\n\t\t\t\t\t\t<details id=\"e-n-accordion-item-2392\" class=\"e-n-accordion-item\" >\n\t\t\t\t<summary class=\"e-n-accordion-item-title\" data-accordion-index=\"3\" tabindex=\"-1\" aria-expanded=\"false\" aria-controls=\"e-n-accordion-item-2392\" >\n\t\t\t\t\t<span class='e-n-accordion-item-title-header'><div class=\"e-n-accordion-item-title-text\"> Was ist bei der Arbeitnehmer\u00fcberlassung zu beachten? <\/div><\/span>\n\t\t\t\t\t\t\t<span class='e-n-accordion-item-title-icon'>\n\t\t\t<span class='e-opened' ><svg xmlns=\"http:\/\/www.w3.org\/2000\/svg\" width=\"40\" height=\"40\" fill=\"none\"><path fill=\"#C63031\" d=\"M8 21v-2h24v2z\"><\/path><\/svg><\/span>\n\t\t\t<span class='e-closed'><svg xmlns=\"http:\/\/www.w3.org\/2000\/svg\" width=\"40\" height=\"40\" fill=\"none\"><path fill=\"#C63031\" d=\"M19 8h2v24h-2z\"><\/path><path fill=\"#C63031\" d=\"M8 21v-2h24v2z\"><\/path><\/svg><\/span>\n\t\t<\/span>\n\n\t\t\t\t\t\t<\/summary>\n\t\t\t\t<div role=\"region\" aria-labelledby=\"e-n-accordion-item-2392\" class=\"elementor-element elementor-element-9161412 e-flex e-con-boxed e-con e-child\" data-id=\"9161412\" data-element_type=\"container\">\n\t\t\t\t\t<div class=\"e-con-inner\">\n\t\t\t\t<div class=\"elementor-element elementor-element-bff55df elementor-widget elementor-widget-html\" data-id=\"bff55df\" data-element_type=\"widget\" data-widget_type=\"html.default\">\n\t\t\t\t<div class=\"elementor-widget-container\">\n\t\t\t\t\t<div class='content content-with-list'>\n <p>\n Beginnen Sie mit f\u00fcnf praktischen Fragen: Ist der Bedarf tats\u00e4chlich zeitlich begrenzt? Sind die ben\u00f6tigten Kompetenzen klar definiert? Kann Ihr internes Team den Spezialisten effektiv steuern? Arbeitet der Anbieter im Rahmen der geltenden deutschen Vorschriften zur Arbeitnehmer\u00fcberlassung? Und entspricht die geplante Einsatzdauer den anwendbaren rechtlichen Anforderungen?\n <\/p>\n <p>\nNach Angaben der deutschen Beh\u00f6rden ben\u00f6tigen Unternehmen, die gewerbsm\u00e4\u00dfig Arbeitnehmer \u00fcberlassen, grunds\u00e4tzlich eine entsprechende Erlaubnis, bevor sie diese T\u00e4tigkeit aufnehmen.\n<\/p>\n <p>\nBei schwer eindeutig einzuordnenden Besch\u00e4ftigungsmodellen ist eine Beratung zum deutschen Arbeitsrecht sinnvoll. Vertrag und tats\u00e4chliche Arbeitsweise sollten dasselbe Modell widerspiegeln.\n\n <\/p>   \n<\/div> \n\t\t\t\t<\/div>\n\t\t\t\t<\/div>\n\t\t\t\t\t<\/div>\n\t\t\t\t<\/div>\n\t\t\t\t\t<\/details>\n\t\t\t\t\t\t<details id=\"e-n-accordion-item-2393\" class=\"e-n-accordion-item\" >\n\t\t\t\t<summary class=\"e-n-accordion-item-title\" data-accordion-index=\"4\" tabindex=\"-1\" aria-expanded=\"false\" aria-controls=\"e-n-accordion-item-2393\" >\n\t\t\t\t\t<span class='e-n-accordion-item-title-header'><div class=\"e-n-accordion-item-title-text\"> Wann ist die IT-Arbeitnehmer\u00fcberlassung nicht erlaubt? <\/div><\/span>\n\t\t\t\t\t\t\t<span class='e-n-accordion-item-title-icon'>\n\t\t\t<span class='e-opened' ><svg xmlns=\"http:\/\/www.w3.org\/2000\/svg\" width=\"40\" height=\"40\" fill=\"none\"><path fill=\"#C63031\" d=\"M8 21v-2h24v2z\"><\/path><\/svg><\/span>\n\t\t\t<span class='e-closed'><svg xmlns=\"http:\/\/www.w3.org\/2000\/svg\" width=\"40\" height=\"40\" fill=\"none\"><path fill=\"#C63031\" d=\"M19 8h2v24h-2z\"><\/path><path fill=\"#C63031\" d=\"M8 21v-2h24v2z\"><\/path><\/svg><\/span>\n\t\t<\/span>\n\n\t\t\t\t\t\t<\/summary>\n\t\t\t\t<div role=\"region\" aria-labelledby=\"e-n-accordion-item-2393\" class=\"elementor-element elementor-element-9971a1c e-flex e-con-boxed e-con e-child\" data-id=\"9971a1c\" data-element_type=\"container\">\n\t\t\t\t\t<div class=\"e-con-inner\">\n\t\t\t\t<div class=\"elementor-element elementor-element-a7794a8 elementor-widget elementor-widget-html\" data-id=\"a7794a8\" data-element_type=\"widget\" data-widget_type=\"html.default\">\n\t\t\t\t<div class=\"elementor-widget-container\">\n\t\t\t\t\t<div class='content'>\n <p>\n Ein Unternehmen darf Arbeitnehmer nicht ohne die erforderliche Erlaubnis gewerbsm\u00e4\u00dfig im Rahmen einer IT-Arbeitnehmer\u00fcberlassung einsetzen, sofern das deutsche Recht eine solche Erlaubnis voraussetzt. Dar\u00fcber hinaus m\u00fcssen die Vorschriften zu tempor\u00e4ren Eins\u00e4tzen, zur vertraglichen Kennzeichnung, zum Besch\u00e4ftigungsverh\u00e4ltnis zwischen Personaldienstleister und Arbeitnehmer, zur maximalen \u00dcberlassungsdauer sowie weitere Anforderungen des deutschen Arbeitnehmer\u00fcberlassungsrechts eingehalten werden.\n <\/p><p>\nDa es bestimmte Ausnahmen und Sonderf\u00e4lle gibt, sollte die Zul\u00e4ssigkeit immer anhand der konkreten Ausgestaltung beurteilt werden und nicht allein anhand der Stellenbezeichnung.\n\n <\/p>   \n<\/div> \n\t\t\t\t<\/div>\n\t\t\t\t<\/div>\n\t\t\t\t\t<\/div>\n\t\t\t\t<\/div>\n\t\t\t\t\t<\/details>\n\t\t\t\t\t\t<details id=\"e-n-accordion-item-2394\" class=\"e-n-accordion-item\" >\n\t\t\t\t<summary class=\"e-n-accordion-item-title\" data-accordion-index=\"5\" tabindex=\"-1\" aria-expanded=\"false\" aria-controls=\"e-n-accordion-item-2394\" >\n\t\t\t\t\t<span class='e-n-accordion-item-title-header'><div class=\"e-n-accordion-item-title-text\"> Welche Formen der Zeitarbeit in der IT-Branche gibt es? <\/div><\/span>\n\t\t\t\t\t\t\t<span class='e-n-accordion-item-title-icon'>\n\t\t\t<span class='e-opened' ><svg xmlns=\"http:\/\/www.w3.org\/2000\/svg\" width=\"40\" height=\"40\" fill=\"none\"><path fill=\"#C63031\" d=\"M8 21v-2h24v2z\"><\/path><\/svg><\/span>\n\t\t\t<span class='e-closed'><svg xmlns=\"http:\/\/www.w3.org\/2000\/svg\" width=\"40\" height=\"40\" fill=\"none\"><path fill=\"#C63031\" d=\"M19 8h2v24h-2z\"><\/path><path fill=\"#C63031\" d=\"M8 21v-2h24v2z\"><\/path><\/svg><\/span>\n\t\t<\/span>\n\n\t\t\t\t\t\t<\/summary>\n\t\t\t\t<div role=\"region\" aria-labelledby=\"e-n-accordion-item-2394\" class=\"elementor-element elementor-element-a9dbc23 e-flex e-con-boxed e-con e-child\" data-id=\"a9dbc23\" data-element_type=\"container\">\n\t\t\t\t\t<div class=\"e-con-inner\">\n\t\t\t\t<div class=\"elementor-element elementor-element-3f4eb4d elementor-widget elementor-widget-html\" data-id=\"3f4eb4d\" data-element_type=\"widget\" data-widget_type=\"html.default\">\n\t\t\t\t<div class=\"elementor-widget-container\">\n\t\t\t\t\t<div class='content content-with-list'>\n <p>\n Unternehmen k\u00f6nnen tempor\u00e4ren IT-Personalbedarf \u00fcber unterschiedliche Besch\u00e4ftigungs- und Zusammenarbeitsmodelle abdecken. Dazu geh\u00f6ren IT-Arbeitnehmer\u00fcberlassung, IT-Zeitarbeit, Freelancer- oder Contracting-Modelle, IT-Personalerweiterung sowie befristete Besch\u00e4ftigungsverh\u00e4ltnisse.\n <\/p><p>\nDiese Modelle sind nicht austauschbar. Welche Struktur geeignet ist, h\u00e4ngt vom Besch\u00e4ftigungsverh\u00e4ltnis, der tats\u00e4chlichen Einbindung der Person in die Kundenorganisation, dem Grad der Steuerung durch den Kunden und der Verantwortung f\u00fcr die Umsetzung ab.\n\n <\/p>   \n<\/div> \n\t\t\t\t<\/div>\n\t\t\t\t<\/div>\n\t\t\t\t\t<\/div>\n\t\t\t\t<\/div>\n\t\t\t\t\t<\/details>\n\t\t\t\t\t\t<details id=\"e-n-accordion-item-2395\" class=\"e-n-accordion-item\" >\n\t\t\t\t<summary class=\"e-n-accordion-item-title\" data-accordion-index=\"6\" tabindex=\"-1\" aria-expanded=\"false\" aria-controls=\"e-n-accordion-item-2395\" >\n\t\t\t\t\t<span class='e-n-accordion-item-title-header'><div class=\"e-n-accordion-item-title-text\"> Wie lange darf eine Arbeitnehmer\u00fcberlassung dauern? <\/div><\/span>\n\t\t\t\t\t\t\t<span class='e-n-accordion-item-title-icon'>\n\t\t\t<span class='e-opened' ><svg xmlns=\"http:\/\/www.w3.org\/2000\/svg\" width=\"40\" height=\"40\" fill=\"none\"><path fill=\"#C63031\" d=\"M8 21v-2h24v2z\"><\/path><\/svg><\/span>\n\t\t\t<span class='e-closed'><svg xmlns=\"http:\/\/www.w3.org\/2000\/svg\" width=\"40\" height=\"40\" fill=\"none\"><path fill=\"#C63031\" d=\"M19 8h2v24h-2z\"><\/path><path fill=\"#C63031\" d=\"M8 21v-2h24v2z\"><\/path><\/svg><\/span>\n\t\t<\/span>\n\n\t\t\t\t\t\t<\/summary>\n\t\t\t\t<div role=\"region\" aria-labelledby=\"e-n-accordion-item-2395\" class=\"elementor-element elementor-element-829c32f e-flex e-con-boxed e-con e-child\" data-id=\"829c32f\" data-element_type=\"container\">\n\t\t\t\t\t<div class=\"e-con-inner\">\n\t\t\t\t<div class=\"elementor-element elementor-element-dc76206 elementor-widget elementor-widget-html\" data-id=\"dc76206\" data-element_type=\"widget\" data-widget_type=\"html.default\">\n\t\t\t\t<div class=\"elementor-widget-container\">\n\t\t\t\t\t<div class='content content-with-list'>\n <p>\n Nach der gesetzlichen Grundregel darf derselbe Leiharbeitnehmer in Deutschland grunds\u00e4tzlich h\u00f6chstens 18 aufeinanderfolgende Monate demselben Entleiher \u00fcberlassen werden. Tarifvertr\u00e4ge k\u00f6nnen in bestimmten F\u00e4llen abweichende Regelungen erm\u00f6glichen. Unternehmen sollten daher pr\u00fcfen, welche Vorschriften f\u00fcr ihre konkrete Situation gelten.\n <\/p><p>\nEine weitere wichtige Frist betrifft Equal Pay. F\u00fcr Leiharbeitnehmer gilt grunds\u00e4tzlich der Gleichstellungsgrundsatz, wobei ein einschl\u00e4giger Tarifvertrag in den ersten neun Monaten Abweichungen erm\u00f6glichen kann. Bestimmte Branchenzuschlagstarifvertr\u00e4ge k\u00f6nnen unter den gesetzlichen Voraussetzungen einen l\u00e4ngeren stufenweisen \u00dcbergang vorsehen.\n <\/p>   \n<\/div> \n\t\t\t\t<\/div>\n\t\t\t\t<\/div>\n\t\t\t\t\t<\/div>\n\t\t\t\t<\/div>\n\t\t\t\t\t<\/details>\n\t\t\t\t\t\t<details id=\"e-n-accordion-item-2396\" class=\"e-n-accordion-item\" >\n\t\t\t\t<summary class=\"e-n-accordion-item-title\" data-accordion-index=\"7\" tabindex=\"-1\" aria-expanded=\"false\" aria-controls=\"e-n-accordion-item-2396\" >\n\t\t\t\t\t<span class='e-n-accordion-item-title-header'><div class=\"e-n-accordion-item-title-text\"> K\u00f6nnen \u00fcberlassene IT-Fachkr\u00e4fte fest angestellt werden? <\/div><\/span>\n\t\t\t\t\t\t\t<span class='e-n-accordion-item-title-icon'>\n\t\t\t<span class='e-opened' ><svg xmlns=\"http:\/\/www.w3.org\/2000\/svg\" width=\"40\" height=\"40\" fill=\"none\"><path fill=\"#C63031\" d=\"M8 21v-2h24v2z\"><\/path><\/svg><\/span>\n\t\t\t<span class='e-closed'><svg xmlns=\"http:\/\/www.w3.org\/2000\/svg\" width=\"40\" height=\"40\" fill=\"none\"><path fill=\"#C63031\" d=\"M19 8h2v24h-2z\"><\/path><path fill=\"#C63031\" d=\"M8 21v-2h24v2z\"><\/path><\/svg><\/span>\n\t\t<\/span>\n\n\t\t\t\t\t\t<\/summary>\n\t\t\t\t<div role=\"region\" aria-labelledby=\"e-n-accordion-item-2396\" class=\"elementor-element elementor-element-d7756b1 e-flex e-con-boxed e-con e-child\" data-id=\"d7756b1\" data-element_type=\"container\">\n\t\t\t\t\t<div class=\"e-con-inner\">\n\t\t\t\t<div class=\"elementor-element elementor-element-b291a8d elementor-widget elementor-widget-html\" data-id=\"b291a8d\" data-element_type=\"widget\" data-widget_type=\"html.default\">\n\t\t\t\t<div class=\"elementor-widget-container\">\n\t\t\t\t\t<div class='content content-with-list'>\n <p>\n Ja. AN\u00dc schlie\u00dft grunds\u00e4tzlich nicht aus, dass der Kunde einen Spezialisten sp\u00e4ter direkt einstellt.\n <\/p><p>\nDer konkrete Ablauf h\u00e4ngt von den Vereinbarungen zwischen den Parteien und der Zustimmung des Arbeitnehmers ab. F\u00fcr Unternehmen kann dies sinnvoll sein, wenn sich aus einem zun\u00e4chst tempor\u00e4ren Bedarf eine dauerhafte Position entwickelt. Arbeitnehmer\u00fcberlassung sollte jedoch nicht als Mittel betrachtet werden, regul\u00e4re Recruiting- oder arbeitsrechtliche Verpflichtungen zu umgehen.\n\n <\/p>   \n<\/div> \n\t\t\t\t<\/div>\n\t\t\t\t<\/div>\n\t\t\t\t\t<\/div>\n\t\t\t\t<\/div>\n\t\t\t\t\t<\/details>\n\t\t\t\t\t\t<details id=\"e-n-accordion-item-2397\" class=\"e-n-accordion-item\" >\n\t\t\t\t<summary class=\"e-n-accordion-item-title\" data-accordion-index=\"8\" tabindex=\"-1\" aria-expanded=\"false\" aria-controls=\"e-n-accordion-item-2397\" >\n\t\t\t\t\t<span class='e-n-accordion-item-title-header'><div class=\"e-n-accordion-item-title-text\"> Wie w\u00e4hlt man den richtigen Personaldienstleister f\u00fcr Zeitarbeit in der IT-Branche? <\/div><\/span>\n\t\t\t\t\t\t\t<span class='e-n-accordion-item-title-icon'>\n\t\t\t<span class='e-opened' ><svg xmlns=\"http:\/\/www.w3.org\/2000\/svg\" width=\"40\" height=\"40\" fill=\"none\"><path fill=\"#C63031\" d=\"M8 21v-2h24v2z\"><\/path><\/svg><\/span>\n\t\t\t<span class='e-closed'><svg xmlns=\"http:\/\/www.w3.org\/2000\/svg\" width=\"40\" height=\"40\" fill=\"none\"><path fill=\"#C63031\" d=\"M19 8h2v24h-2z\"><\/path><path fill=\"#C63031\" d=\"M8 21v-2h24v2z\"><\/path><\/svg><\/span>\n\t\t<\/span>\n\n\t\t\t\t\t\t<\/summary>\n\t\t\t\t<div role=\"region\" aria-labelledby=\"e-n-accordion-item-2397\" class=\"elementor-element elementor-element-e65f309 e-flex e-con-boxed e-con e-child\" data-id=\"e65f309\" data-element_type=\"container\">\n\t\t\t\t\t<div class=\"e-con-inner\">\n\t\t\t\t<div class=\"elementor-element elementor-element-d91ea16 elementor-widget elementor-widget-html\" data-id=\"d91ea16\" data-element_type=\"widget\" data-widget_type=\"html.default\">\n\t\t\t\t<div class=\"elementor-widget-container\">\n\t\t\t\t\t<div class='content content-with-list'>\n <p>\n Beginnen Sie mit dem gew\u00fcnschten Arbeitsmodell. Wenn Sie gezielt IT-Arbeitnehmer\u00fcberlassung ben\u00f6tigen, pr\u00fcfen Sie, ob der <b>Personaldienstleister f\u00fcr Zeitarbeit<\/b> das entsprechende Modell in Deutschland rechtssicher anbieten kann und Erfahrung mit den ben\u00f6tigten IT-Rollen besitzt. Ber\u00fccksichtigen Sie anschlie\u00dfend die Kandidatenauswahl, Prozesse f\u00fcr Ersatzbesetzungen, Besch\u00e4ftigungsbedingungen, das Management der Eins\u00e4tze und die F\u00e4higkeit des Anbieters, Ihre technischen Anforderungen zu verstehen.\n <\/p><p>\nGerade bei Senior-IT-Positionen ist die fachliche Passgenauigkeit ebenso wichtig wie die Verf\u00fcgbarkeit. Ein \u201eJava-Entwickler\u201c kann beispielsweise eine zehn Jahre alte Spring-Anwendung betreuen, hochskalierbare verteilte Systeme entwickeln oder eine Modernisierung von Java 8 auf eine aktuelle Plattform leiten. Diese Profile sind nicht beliebig austauschbar.\n <\/p><p>\nUnd wenn sich herausstellt, dass es bei Ihrem Bedarf weniger darum geht, eine einzelne Position zu besetzen, sondern vielmehr darum, ein Projekt erfolgreich umzusetzen, sollten Sie das Zusammenarbeitsmodell noch einmal pr\u00fcfen, bevor Sie einen Staffing-Vertrag abschlie\u00dfen. Diese Entscheidung kann deutlich mehr Zeit sparen als eine um wenige Tage schnellere Kandidatensuche.\n\n <\/p>   \n<\/div> \n\t\t\t\t<\/div>\n\t\t\t\t<\/div>\n\t\t\t\t\t<\/div>\n\t\t\t\t<\/div>\n\t\t\t\t\t<\/details>\n\t\t\t\t\t<\/div>\n\t\t\t\t\t<script type=\"application\/ld+json\">{\"@context\":\"https:\\\/\\\/schema.org\",\"@type\":\"FAQPage\",\"mainEntity\":[{\"@type\":\"Question\",\"name\":\"Was ist der Unterschied zwischen Arbeitnehmer\\u00fcberlassung und IT-Outsourcing?\",\"acceptedAnswer\":{\"@type\":\"Answer\",\"text\":\"Bei der IT-Arbeitnehmer\\u00fcberlassung werden externe Fachkr\\u00e4fte vor\\u00fcbergehend in die Organisation des Kunden integriert, w\\u00e4hrend der Kunde ihre Arbeit steuert. Beim IT-Outsourcing \\u00fcbernimmt ein externer Anbieter die Verantwortung f\\u00fcr einen vereinbarten Service, ein Projekt oder einen bestimmten Projektbereich.\\n\\n\\nVereinfacht gesagt: Bei der IT-Arbeitnehmer\\u00fcberlassung kaufen Sie in erster Linie zus\\u00e4tzliche Kapazit\\u00e4t. Beim Outsourcing \\u00fcbertragen Sie vor allem Verantwortung f\\u00fcr die Umsetzung.\"}},{\"@type\":\"Question\",\"name\":\"Was ist der Unterschied zwischen Freelancern und AN\\u00dc?\",\"acceptedAnswer\":{\"@type\":\"Answer\",\"text\":\"Der grundlegende Unterschied liegt im Besch\\u00e4ftigungsverh\\u00e4ltnis.\\n \\n \\n Bei der IT-Arbeitnehmer\\u00fcberlassung ist der IT-Spezialist beim Personaldienstleister angestellt und wird vor\\u00fcbergehend beim Kunden eingesetzt. Freelancer arbeiten dagegen selbstst\\u00e4ndig auf Basis eines separaten Vertrags- oder B2B-Verh\\u00e4ltnisses und werden nicht als Arbeitnehmer eines Personaldienstleisters \\u00fcberlassen.\\n \\n \\n Unternehmen sollten sich nicht allein anhand des Preises f\\u00fcr eines der Modelle entscheiden. Relevant ist vielmehr, wie der Spezialist tats\\u00e4chlich arbeiten wird, wie stark er in die Organisation integriert ist, wer Weisungen erteilt und welche vertragliche Struktur zu diesem Arbeitsmodell passt.\"}},{\"@type\":\"Question\",\"name\":\"Was ist bei der Arbeitnehmer\\u00fcberlassung zu beachten?\",\"acceptedAnswer\":{\"@type\":\"Answer\",\"text\":\"Beginnen Sie mit f\\u00fcnf praktischen Fragen: Ist der Bedarf tats\\u00e4chlich zeitlich begrenzt? Sind die ben\\u00f6tigten Kompetenzen klar definiert? Kann Ihr internes Team den Spezialisten effektiv steuern? Arbeitet der Anbieter im Rahmen der geltenden deutschen Vorschriften zur Arbeitnehmer\\u00fcberlassung? Und entspricht die geplante Einsatzdauer den anwendbaren rechtlichen Anforderungen?\\n \\n \\nNach Angaben der deutschen Beh\\u00f6rden ben\\u00f6tigen Unternehmen, die gewerbsm\\u00e4\\u00dfig Arbeitnehmer \\u00fcberlassen, grunds\\u00e4tzlich eine entsprechende Erlaubnis, bevor sie diese T\\u00e4tigkeit aufnehmen.\\n\\n \\nBei schwer eindeutig einzuordnenden Besch\\u00e4ftigungsmodellen ist eine Beratung zum deutschen Arbeitsrecht sinnvoll. Vertrag und tats\\u00e4chliche Arbeitsweise sollten dasselbe Modell widerspiegeln.\"}},{\"@type\":\"Question\",\"name\":\"Wann ist die IT-Arbeitnehmer\\u00fcberlassung nicht erlaubt?\",\"acceptedAnswer\":{\"@type\":\"Answer\",\"text\":\"Ein Unternehmen darf Arbeitnehmer nicht ohne die erforderliche Erlaubnis gewerbsm\\u00e4\\u00dfig im Rahmen einer IT-Arbeitnehmer\\u00fcberlassung einsetzen, sofern das deutsche Recht eine solche Erlaubnis voraussetzt. Dar\\u00fcber hinaus m\\u00fcssen die Vorschriften zu tempor\\u00e4ren Eins\\u00e4tzen, zur vertraglichen Kennzeichnung, zum Besch\\u00e4ftigungsverh\\u00e4ltnis zwischen Personaldienstleister und Arbeitnehmer, zur maximalen \\u00dcberlassungsdauer sowie weitere Anforderungen des deutschen Arbeitnehmer\\u00fcberlassungsrechts eingehalten werden.\\n \\nDa es bestimmte Ausnahmen und Sonderf\\u00e4lle gibt, sollte die Zul\\u00e4ssigkeit immer anhand der konkreten Ausgestaltung beurteilt werden und nicht allein anhand der Stellenbezeichnung.\"}},{\"@type\":\"Question\",\"name\":\"Welche Formen der Zeitarbeit in der IT-Branche gibt es?\",\"acceptedAnswer\":{\"@type\":\"Answer\",\"text\":\"Unternehmen k\\u00f6nnen tempor\\u00e4ren IT-Personalbedarf \\u00fcber unterschiedliche Besch\\u00e4ftigungs- und Zusammenarbeitsmodelle abdecken. Dazu geh\\u00f6ren IT-Arbeitnehmer\\u00fcberlassung, IT-Zeitarbeit, Freelancer- oder Contracting-Modelle, IT-Personalerweiterung sowie befristete Besch\\u00e4ftigungsverh\\u00e4ltnisse.\\n \\nDiese Modelle sind nicht austauschbar. Welche Struktur geeignet ist, h\\u00e4ngt vom Besch\\u00e4ftigungsverh\\u00e4ltnis, der tats\\u00e4chlichen Einbindung der Person in die Kundenorganisation, dem Grad der Steuerung durch den Kunden und der Verantwortung f\\u00fcr die Umsetzung ab.\"}},{\"@type\":\"Question\",\"name\":\"Wie lange darf eine Arbeitnehmer\\u00fcberlassung dauern?\",\"acceptedAnswer\":{\"@type\":\"Answer\",\"text\":\"Nach der gesetzlichen Grundregel darf derselbe Leiharbeitnehmer in Deutschland grunds\\u00e4tzlich h\\u00f6chstens 18 aufeinanderfolgende Monate demselben Entleiher \\u00fcberlassen werden. Tarifvertr\\u00e4ge k\\u00f6nnen in bestimmten F\\u00e4llen abweichende Regelungen erm\\u00f6glichen. Unternehmen sollten daher pr\\u00fcfen, welche Vorschriften f\\u00fcr ihre konkrete Situation gelten.\\n \\nEine weitere wichtige Frist betrifft Equal Pay. F\\u00fcr Leiharbeitnehmer gilt grunds\\u00e4tzlich der Gleichstellungsgrundsatz, wobei ein einschl\\u00e4giger Tarifvertrag in den ersten neun Monaten Abweichungen erm\\u00f6glichen kann. Bestimmte Branchenzuschlagstarifvertr\\u00e4ge k\\u00f6nnen unter den gesetzlichen Voraussetzungen einen l\\u00e4ngeren stufenweisen \\u00dcbergang vorsehen.\"}},{\"@type\":\"Question\",\"name\":\"K\\u00f6nnen \\u00fcberlassene IT-Fachkr\\u00e4fte fest angestellt werden?\",\"acceptedAnswer\":{\"@type\":\"Answer\",\"text\":\"Ja. AN\\u00dc schlie\\u00dft grunds\\u00e4tzlich nicht aus, dass der Kunde einen Spezialisten sp\\u00e4ter direkt einstellt.\\n \\nDer konkrete Ablauf h\\u00e4ngt von den Vereinbarungen zwischen den Parteien und der Zustimmung des Arbeitnehmers ab. F\\u00fcr Unternehmen kann dies sinnvoll sein, wenn sich aus einem zun\\u00e4chst tempor\\u00e4ren Bedarf eine dauerhafte Position entwickelt. Arbeitnehmer\\u00fcberlassung sollte jedoch nicht als Mittel betrachtet werden, regul\\u00e4re Recruiting- oder arbeitsrechtliche Verpflichtungen zu umgehen.\"}},{\"@type\":\"Question\",\"name\":\"Wie w\\u00e4hlt man den richtigen Personaldienstleister f\\u00fcr Zeitarbeit in der IT-Branche?\",\"acceptedAnswer\":{\"@type\":\"Answer\",\"text\":\"Beginnen Sie mit dem gew\\u00fcnschten Arbeitsmodell. Wenn Sie gezielt IT-Arbeitnehmer\\u00fcberlassung ben\\u00f6tigen, pr\\u00fcfen Sie, ob der Personaldienstleister f\\u00fcr Zeitarbeit das entsprechende Modell in Deutschland rechtssicher anbieten kann und Erfahrung mit den ben\\u00f6tigten IT-Rollen besitzt. Ber\\u00fccksichtigen Sie anschlie\\u00dfend die Kandidatenauswahl, Prozesse f\\u00fcr Ersatzbesetzungen, Besch\\u00e4ftigungsbedingungen, das Management der Eins\\u00e4tze und die F\\u00e4higkeit des Anbieters, Ihre technischen Anforderungen zu verstehen.\\n \\nGerade bei Senior-IT-Positionen ist die fachliche Passgenauigkeit ebenso wichtig wie die Verf\\u00fcgbarkeit. Ein \\u201eJava-Entwickler\\u201c kann beispielsweise eine zehn Jahre alte Spring-Anwendung betreuen, hochskalierbare verteilte Systeme entwickeln oder eine Modernisierung von Java 8 auf eine aktuelle Plattform leiten. Diese Profile sind nicht beliebig austauschbar.\\n \\nUnd wenn sich herausstellt, dass es bei Ihrem Bedarf weniger darum geht, eine einzelne Position zu besetzen, sondern vielmehr darum, ein Projekt erfolgreich umzusetzen, sollten Sie das Zusammenarbeitsmodell noch einmal pr\\u00fcfen, bevor Sie einen Staffing-Vertrag abschlie\\u00dfen. Diese Entscheidung kann deutlich mehr Zeit sparen als eine um wenige Tage schnellere Kandidatensuche.\"}}]}<\/script>\n\t\t\t\t\t\t\t<\/div>\n\t\t\t\t<\/div>\n\t\t\t\t<div class=\"elementor-element elementor-element-40cf4e8 elementor-widget elementor-widget-html\" data-id=\"40cf4e8\" data-element_type=\"widget\" data-widget_type=\"html.default\">\n\t\t\t\t<div class=\"elementor-widget-container\">\n\t\t\t\t\t<div class=\"faq-controls\">\r\n    <span class=\"toggle-btn show-all\">Show all<\/span>\r\n    <span class=\"toggle-btn show-less\" style=\"display: none;\">Show less<\/span>\r\n<\/div>\r\n\r\n<!--faq list example-->\r\n<!--<div class='content content-with-list'>-->\r\n<!--<p>-->\r\n<!--    As a rough benchmark, banks and fintechs can expect:-->\r\n\r\n<!--<\/p>-->\r\n<!--<ul class=\"faq-list\">-->\r\n<!--    <li>Cloud-based platforms: from tens of thousands to several hundred thousand dollars per year.<\/li>-->\r\n<!--    <li>Enterprise core banking systems: from several hundred thousand dollars to several million dollars for implementation and licensing.<\/li>-->\r\n<!--    <li>Large-scale modernization projects: often exceed several million dollars once migration, integrations, customization, testing, and training are included.<\/li>-->\r\n<!--<\/ul>-->\r\n<!--<p>-->\r\n<!--It's also important to look beyond licensing costs. In many projects, data migration, third-party integrations, process redesign, and ongoing support account for a significant share of the total investment. That's why evaluating the full implementation scope is often more important than comparing vendor pricing alone.-->\r\n<!--<\/p>-->\r\n\r\n<!--<\/div>-->\r\n\r\n<style>\r\n    .e-n-accordion-item.is-hidden {\r\n    display: none !important;\r\n}\r\n\r\n.faq-controls .toggle-btn {\r\n    cursor: pointer;\r\n    user-select: none;\r\n    font-family: Sora;\r\n    font-size: 18px;\r\n    line-height: 130%;\r\n    color: #C63031;\r\n    font-weight: 600;\r\n}\r\n\r\n.faq-controls{\r\n    padding: 40px 20px;\r\n}\r\n\r\n.faq-controls .toggle-btn:active{\r\n    color: #D13B3B;\r\n}\r\n\r\n.faq-controls .toggle-btn:hover{\r\n    color: #D13B3B;\r\n    text-decoration: underline;\r\n}\r\n\r\n@media(max-width: 767px){\r\n   .faq-controls{\r\n       padding: 20px 4px;\r\n   } \r\n   \r\n   .faq-controls .toggle-btn{\r\n       font-size: 16px;\r\n   }\r\n}\r\n\r\n\/*faq list*\/\r\n    .faq-list{\r\n        color: white;\r\n        font-family: Karla;\r\n        font-size: 18px;\r\n        line-height: 30px;\r\n    }\r\n    \r\n    .faq-list li:not(:last-child){\r\n        margin-bottom: 18px;\r\n        \r\n    }\r\n    \r\n    .faq .content-with-list{\r\n        gap: 18px;\r\n    }\r\n    \r\n    .faq .content-with-list p{\r\n        margin: 0 !important;\r\n    }\r\n    \r\n    @media (max-width: 767px){\r\n        .faq-list{\r\n        font-size: 14px;\r\n        line-height: 21px;\r\n    }\r\n    \r\n    .faq-list li:not(:last-child){\r\n        margin-bottom: 12px;\r\n        \r\n    }\r\n    .faq .content-with-list{\r\n        gap: 12px;\r\n    }\r\n    }\r\n<\/style>\r\n\r\n<script>\r\n    document.addEventListener('DOMContentLoaded', () => {\r\n    const items = document.querySelectorAll('.faq .e-n-accordion-item');\r\n    const showAllBtn = document.querySelector('.show-all');\r\n    const showLessBtn = document.querySelector('.show-less');\r\n\r\n    if (items.length <= 4) {\r\n        if (showAllBtn) showAllBtn.style.display = 'none';\r\n        if (showLessBtn) showLessBtn.style.display = 'none';\r\n        return;\r\n    }\r\n\r\n   \r\n    function toggleFAQ(isExpanded) {\r\n        items.forEach((item, index) => {\r\n            \r\n            if (index >= 4) {\r\n                if (isExpanded) {\r\n                    item.classList.remove('is-hidden');\r\n                } else {\r\n                    item.classList.add('is-hidden');\r\n                }\r\n            }\r\n        });\r\n\r\n        \r\n        if (isExpanded) {\r\n            showAllBtn.style.display = 'none';\r\n            showLessBtn.style.display = 'inline-block';\r\n        } else {\r\n            showAllBtn.style.display = 'inline-block';\r\n            showLessBtn.style.display = 'none';\r\n        }\r\n    }\r\n\r\n    toggleFAQ(false);\r\n\r\n    showAllBtn.addEventListener('click', () => toggleFAQ(true));\r\n    showLessBtn.addEventListener('click', () => toggleFAQ(false));\r\n});\r\n<\/script>\t\t\t\t<\/div>\n\t\t\t\t<\/div>\n\t\t\t\t<\/div>\n\t\t\t\t<div class=\"elementor-element elementor-element-fdb88ce elementor-widget elementor-widget-shortcode\" data-id=\"fdb88ce\" data-element_type=\"widget\" data-widget_type=\"shortcode.default\">\n\t\t\t\t<div class=\"elementor-widget-container\">\n\t\t\t\t\t\t\t<div class=\"elementor-shortcode\">[post_share]<\/div>\n\t\t\t\t\t\t<\/div>\n\t\t\t\t<\/div>\n\t\t<div class=\"elementor-element elementor-element-79210bd e-con-full tablePadding40 author-container e-flex e-con e-child\" data-id=\"79210bd\" data-element_type=\"container\" data-settings=\"{&quot;background_background&quot;:&quot;classic&quot;}\">\n\t\t<div class=\"elementor-element elementor-element-28943d3 e-grid e-con-full e-con e-child\" data-id=\"28943d3\" data-element_type=\"container\">\n\t\t\t\t<div class=\"elementor-element elementor-element-7edd201 elementor-widget elementor-widget-image\" data-id=\"7edd201\" data-element_type=\"widget\" data-widget_type=\"image.default\">\n\t\t\t\t<div class=\"elementor-widget-container\">\n\t\t\t\t\t\t\t\t\t\t\t\t\t\t\t<img loading=\"lazy\" decoding=\"async\" width=\"180\" height=\"180\" src=\"https:\/\/innowise.com\/wp-content\/uploads\/2026\/05\/Ivan-Shatukha-10.png\" class=\"attachment-full size-full wp-image-197097\" alt=\"\" srcset=\"https:\/\/innowise.com\/wp-content\/uploads\/2026\/05\/Ivan-Shatukha-10.png 180w, https:\/\/innowise.com\/wp-content\/uploads\/2026\/05\/Ivan-Shatukha-10-150x150.png 150w, https:\/\/innowise.com\/wp-content\/uploads\/2026\/05\/Ivan-Shatukha-10-12x12.png 12w\" sizes=\"(max-width: 180px) 100vw, 180px\" \/>\t\t\t\t\t\t\t\t\t\t\t\t\t\t\t<\/div>\n\t\t\t\t<\/div>\n\t\t<div class=\"elementor-element elementor-element-be035e8 e-con-full e-flex e-con e-child\" data-id=\"be035e8\" data-element_type=\"container\">\n\t\t<div class=\"elementor-element elementor-element-390ca3c e-con-full e-flex e-con e-child\" data-id=\"390ca3c\" data-element_type=\"container\">\n\t\t\t\t<div class=\"elementor-element elementor-element-c19922d no-text-decoration elementor-widget elementor-widget-heading\" data-id=\"c19922d\" data-element_type=\"widget\" data-widget_type=\"heading.default\">\n\t\t\t\t<div class=\"elementor-widget-container\">\n\t\t\t\t\t<div class=\"elementor-heading-title elementor-size-default\"><a href=\"\/authors\/ivan-shatukha\/\">Ivan Shatukha<\/a><\/div>\t\t\t\t<\/div>\n\t\t\t\t<\/div>\n\t\t\t\t<\/div>\n\t\t\t\t<div class=\"elementor-element elementor-element-77fb067 elementor-widget elementor-widget-text-editor\" data-id=\"77fb067\" data-element_type=\"widget\" data-widget_type=\"text-editor.default\">\n\t\t\t\t<div class=\"elementor-widget-container\">\n\t\t\t\t\t\t\t\t\t<p><span data-sheets-root=\"1\">Global Development Director<\/span><\/p>\t\t\t\t\t\t\t\t<\/div>\n\t\t\t\t<\/div>\n\t\t\t\t<\/div>\n\t\t\t\t<\/div>\n\t\t<div class=\"elementor-element elementor-element-7794b4c e-con-full e-flex e-con e-child\" data-id=\"7794b4c\" data-element_type=\"container\">\n\t\t\t\t<div class=\"elementor-element elementor-element-42c8835 text4String elementor-widget elementor-widget-text-editor\" data-id=\"42c8835\" data-element_type=\"widget\" data-widget_type=\"text-editor.default\">\n\t\t\t\t<div class=\"elementor-widget-container\">\n\t\t\t\t\t\t\t\t\t<p><span data-sheets-root=\"1\">Ivan orchestrates complex development operations. He focuses on resource optimization and engineering discipline, ensuring that large-scale tech projects stay aligned with business objectives and keep up with a relentless pace of delivery.<\/span><\/p>\t\t\t\t\t\t\t\t<\/div>\n\t\t\t\t<\/div>\n\t\t\t\t<div class=\"elementor-element elementor-element-64b2420 readMore elementor-widget elementor-widget-heading\" data-id=\"64b2420\" data-element_type=\"widget\" data-widget_type=\"heading.default\">\n\t\t\t\t<div class=\"elementor-widget-container\">\n\t\t\t\t\t<h4 class=\"elementor-heading-title elementor-size-default\"><a href=\"\/authors\/ivan-shatukha\/\">Read more<\/a><\/h4>\t\t\t\t<\/div>\n\t\t\t\t<\/div>\n\t\t\t\t<\/div>\n\t\t\t\t<\/div>\n\t\t\t\t<\/div>\n\t\t\t\t<\/div>\n\t\t<div class=\"elementor-element elementor-element-9de5a5e table-content-container e-con-full e-flex e-con e-child\" data-id=\"9de5a5e\" data-element_type=\"container\">\n\t\t<div class=\"elementor-element elementor-element-05c2ddb e-con-full stickyTable e-flex e-con e-child\" data-id=\"05c2ddb\" data-element_type=\"container\">\n\t\t<div class=\"elementor-element elementor-element-1bcc3b7 author-block e-con-full e-flex e-con e-child\" data-id=\"1bcc3b7\" data-element_type=\"container\">\n\t\t\t\t<div class=\"elementor-element elementor-element-79476dc ddcv elementor-widget elementor-widget-html\" data-id=\"79476dc\" data-element_type=\"widget\" data-widget_type=\"html.default\">\n\t\t\t\t<div class=\"elementor-widget-container\">\n\t\t\t\t\t<style>\r\n  .article-description > .e-con-inner {\r\n    align-items: baseline !important;\r\n    \/* align-items: flex-start !important; *\/\r\n  }\r\n\r\n  .stickyTable {\r\n    position: sticky;\r\n    top: 72px;\r\n    bottom: auto;\r\n  }\r\n<\/style>\r\n\r\n<!--NOTE Change data-id in wrapper styles for hide this block on the mobile device screen-->\r\n<div class=\"toc-wrapper\">\r\n  <h4 class=\"toc-title\">Table of contents<\/h4>\r\n  <div class=\"toc toc-2\"><\/div>\r\n<\/div>\r\n\r\n<script>\r\n  document.addEventListener(\"DOMContentLoaded\", () => {\r\n    \/*-------------------------------\r\n    SETTING\r\n  --------------------------------*\/\r\n    const LINKS = {\r\n      \"Unleashing the power of .NET 8\": \"gggggg\",\r\n      \"Revamping legacy systems: unlocking business potential through software modernization\":\r\n        \"hello\",\r\n      \"Solution we delivered\": \"Solution\",\r\n    };\r\n\r\n    const OFFSET = 70; \r\n\r\n    let headerElements = [];\r\n    let tocLinks = [];\r\n    \r\n    \/\/SET TOC HEIGHT\r\n    const setContainerHeight = () => {\r\n        const windowHeight = window.innerHeight;\r\n        const tocContainer = document.querySelector(\".ddcv\");\r\n    \r\n        tocContainer.style.maxHeight = \"calc(100vh - 230px)\";\r\n        tocContainer.style.minHeight = \"200px\";\r\n    };\r\n\r\n    \/*-------------------------------\r\n    CREATE TOC LIST\r\n  --------------------------------*\/\r\n    function createToc() {\r\n      const tocContainer = document.querySelector(\".toc.toc-2\");\r\n      const list = document.createElement(\"ul\");\r\n\r\n      \r\n      headerElements = [\r\n        ...document.querySelectorAll(\".article-description h2\"),\r\n      ];\r\n\r\n      \r\n      const excluded = [\r\n        document.querySelector(\".related_content_blog_container h2\"),\r\n      ];\r\n      \/\/   headerElements = headerElements.filter((h) => !excluded.includes(h));\r\n\r\n      headerElements.forEach((header) => {\r\n        const textOriginal =\r\n          header.dataset.title?.trim() || header.textContent.trim();\r\n        const id =\r\n          header.id ||\r\n          textOriginal\r\n            .toLowerCase()\r\n            .replace(\/[^\\w ]+\/g, \"\")\r\n            .replace(\/ +\/g, \"-\");\r\n        header.id = id;\r\n\r\n        const li = document.createElement(\"li\");\r\n        const a = document.createElement(\"a\");\r\n\r\n        a.href = \"#\" + id;\r\n        a.textContent = LINKS[textOriginal] || textOriginal;\r\n\r\n        a.addEventListener(\"click\", (e) => {\r\n          e.preventDefault();\r\n          const y =\r\n            header.getBoundingClientRect().top + window.scrollY - OFFSET;\r\n          window.scrollTo({ top: y, behavior: \"smooth\" });\r\n        });\r\n\r\n        li.appendChild(a);\r\n        list.appendChild(li);\r\n      });\r\n\r\n      tocContainer.appendChild(list);\r\n      tocLinks = Array.from(list.querySelectorAll(\"li\"));\r\n    }\r\n\r\n    \r\n    function createObserver() {\r\n      const observerOptions = {\r\n        root: null,\r\n        rootMargin: \"0px 0px -60% 0px\",\r\n        threshold: 0, \r\n      };\r\n\r\n      const callback = (entries) => {\r\n        entries.forEach((entry) => {\r\n          if (entry.isIntersecting) {\r\n            const id = entry.target.id;\r\n\r\n            tocLinks.forEach((li) =>\r\n              li.classList.remove(\"active\", \"pre-active\"),\r\n            );\r\n\r\n            const index = headerElements.findIndex((h) => h.id === id);\r\n\r\n            tocLinks.forEach((li, i) => {\r\n              if (i === index) li.classList.add(\"active\");\r\n              if (i < index) li.classList.add(\"pre-active\");\r\n            });\r\n          }\r\n        });\r\n      };\r\n\r\n      const observer = new IntersectionObserver(callback, observerOptions);\r\n      headerElements.forEach((h) => observer.observe(h));\r\n    }\r\n\r\n    \r\n    function loadAllImages() {\r\n      document.querySelectorAll(\"img\").forEach((img) => {\r\n        const src = img.dataset.src || img.src;\r\n        img.src = src;\r\n      });\r\n    }\r\n\r\n    \/*-------------------------------\r\n    INIT\r\n  --------------------------------*\/\r\n    setTimeout(() => {\r\n      loadAllImages();\r\n      createToc();\r\n      setContainerHeight();\r\n      createObserver();\r\n    }, 300);\r\n  });\r\n<\/script>\r\n\r\n<style>\r\n  .table-content-container {\r\n    max-width: 300px;\r\n    width: 100%;\r\n    flex-shrink: 0;\r\n  }\r\n\r\n  .table-content-container .elementor-widget-wrap {\r\n    margin: 0 !important;\r\n    padding: 0 !important;\r\n  }\r\n\r\n  @media (max-width: 1279px) {\r\n    .table-content-container {\r\n      display: none !important;\r\n    }\r\n  }\r\n\r\n  .toc-wrapper {\r\n    display: flex;\r\n    flex-direction: column;\r\n    row-gap: 30px;\r\n    font-family: \"Karla\";\r\n    box-sizing: border-box;\r\n    \/* height: 100%; *\/\r\n\r\n    flex: 1;\r\n  }\r\n  .ddcv {\r\n    flex-basis: 100%;\r\n    flex-grow: 1;\r\n    flex-shrink: 1;\r\n    overflow-y: auto;\r\n  }\r\n\r\n  .toc-wrapper {\r\n    overflow-y: auto;\r\n    flex-shrink: 1;\r\n    flex-basis: 100%;\r\n    flex-grow: 1;\r\n  }\r\n\r\n  .toc-wrapper::-webkit-scrollbar,\r\n  .ddcv::-webkit-scrollbar {\r\n    position: absolute !important;\r\n    width: 4px !important;\r\n    background-color: #f5f5f7 !important;\r\n  }\r\n\r\n  .toc-wrapper::-webkit-scrollbar-thumb,\r\n  .ddcv::-webkit-scrollbar-thumb {\r\n    position: absolute !important;\r\n    background-color: #999999 !important;\r\n    border-radius: 4px !important;\r\n  }\r\n\r\n  .toc-wrapper .toc {\r\n    scrollbar-width: 4px !important;\r\n    scrollbar-color: auto !important;\r\n  }\r\n\r\n  h4.toc-title {\r\n    margin: 0;\r\n    font-family: Karla;\r\n    font-size: 22px;\r\n    line-height: 28px;\r\n    font-weight: 700;\r\n  }\r\n\r\n  @media screen and (max-width: 1279px) {\r\n    .ddcv {\r\n      margin-top: 0px;\r\n      position: absolute;\r\n      top: 0px;\r\n      left: 50%;\r\n      transform: translate(50%, 0);\r\n    }\r\n  }\r\n\r\n  @media screen and (max-width: 767px) {\r\n    .ddcv {\r\n      display: none;\r\n    }\r\n  }\r\n\r\n  .toc ul {\r\n    list-style: none;\r\n    font-family: \"Karla\";\r\n    font-size: 16px;\r\n    line-height: 22px;\r\n    padding: 0px;\r\n    border-left: 1px solid #717171;\r\n  }\r\n\r\n  .toc li {\r\n    margin-left: -1px;\r\n    margin-top: 0;\r\n    padding: 16px 16px 16px 20px;\r\n    font-size: 18px;\r\n    line-height: 22px;\r\n    color: #717171;\r\n    border-left: 2px solid transparent;\r\n  }\r\n\r\n  .toc ul li a {\r\n    display: block;\r\n    width: 100%;\r\n    color: inherit;\r\n    text-decoration: none !important;\r\n  }\r\n\r\n  .toc ul .active {\r\n    color: #2e2e2e;\r\n    border-left: 2px solid #c63031;\r\n  }\r\n\r\n  .toc ul .pre-active {\r\n    border-left: 2px solid #c63031;\r\n  }\r\n<\/style>\r\n\t\t\t\t<\/div>\n\t\t\t\t<\/div>\n\t\t\t\t<\/div>\n\t\t\t\t<\/div>\n\t\t\t\t<\/div>\n\t\t\t\t<\/div>\n\t\t<div class=\"elementor-element elementor-element-eab1d6c e-flex e-con-boxed e-con e-parent\" data-id=\"eab1d6c\" data-element_type=\"container\" data-settings=\"{&quot;background_background&quot;:&quot;classic&quot;}\">\n\t\t\t\t\t<div class=\"e-con-inner\">\n\t\t\t\t<div class=\"elementor-element elementor-element-87ab0d5 elementor-widget elementor-widget-shortcode\" data-id=\"87ab0d5\" data-element_type=\"widget\" data-widget_type=\"shortcode.default\">\n\t\t\t\t<div class=\"elementor-widget-container\">\n\t\t\t\t\t\t\t<div class=\"elementor-shortcode\">\n<div class=\"wpcf7 no-js\" id=\"wpcf7-f100240-o1\" lang=\"en-US\" dir=\"ltr\" data-wpcf7-id=\"100240\">\n<div class=\"screen-reader-response\"><p role=\"status\" aria-live=\"polite\" aria-atomic=\"true\"><\/p> <ul><\/ul><\/div>\n<form action=\"\/de\/wp-json\/wp\/v2\/posts\/200608#wpcf7-f100240-o1\" method=\"post\" class=\"wpcf7-form init\" aria-label=\"Contact form\" enctype=\"multipart\/form-data\" novalidate=\"novalidate\" data-status=\"init\">\n<fieldset class=\"hidden-fields-container\"><input type=\"hidden\" name=\"_wpcf7\" value=\"100240\" \/><input type=\"hidden\" name=\"_wpcf7_version\" value=\"6.1.6\" \/><input type=\"hidden\" name=\"_wpcf7_locale\" value=\"en_US\" \/><input type=\"hidden\" name=\"_wpcf7_unit_tag\" value=\"wpcf7-f100240-o1\" \/><input type=\"hidden\" name=\"_wpcf7_container_post\" value=\"0\" \/><input type=\"hidden\" name=\"_wpcf7_posted_data_hash\" value=\"\" \/><input type=\"hidden\" name=\"_wpcf7_recaptcha_response\" value=\"\" \/>\n<\/fieldset>\n<style>\n.mailToContact br:nth-child(2){\ndisplay:none;\n}\n#form-templates .contact__info {\n  background-color: #f4f4f4;\n  padding: 70px 44px 70px 50px;\n  position: relative;\n  max-width: 540px;\n  width: 100%;\nborder: 1px solid #AEB1B7;\n}\n\n#form-templates .contact__info-background {\n  z-index: -1;\n  position: absolute;\n  top: 20px;\n  left: 20px;\n  width: 100%;\n  height: 100%;\n  border: 1px dashed #ef4557;\n}\n\n\n#form-templates .new-container{\ndisplay: flex;\njustify-content: space-between;\nflex-wrap: wrap;\n}\n\n\n#form-templates{\npadding: 100px 15px 100px 15px;        \n}\n\n#form-templates .contact__info-heading {\n  font-family: 'Sora' !important;\n  font-style: normal !important;\n  font-weight: 400 !important;\n  font-size: 36px !important;\n  line-height: 46px !important;\n  color: #2E2E2E !important;\n   margin-bottom: 60px !important;\n\n}\n\n\n#form-templates .message label{\ncolor: #585858 !important;   \n}\n\n.elementor-widget-container.form-template h2,.elementor-widget-container.form-template h1{\n font-size: 60px !important;\n  line-height: 70px !important;\n  font-family: \"Sora\", Sans-serif;\n  font-weight: 400;\n  margin: 0;  \n  margin-bottom: 20px;\n}\n\n\n\n\n.elementor-widget-container.form-template p{\n  font-family: \"Karla\", Sans-serif;\n  font-size: 22px;\n  font-weight: 400;\n  line-height: 28px;\n  color: var( --e-global-color-primary );\n  max-width: 700px;\n  margin: 0; \n  margin-bottom: 40px;\n} \n  \n\n\n.new-container #spinner{\nwidth: 50%;\nmax-width: 700px;\n}\n\n\n#form-templates .new-container #spinner div.contact-us__wrapper:nth-child(6){\ngap:30px; \n    \n}\n\n\n#form-templates .contact__info-heading {\n  margin-bottom: 67px;\n  font-size: 36px;\n  font-family: karla;\n  color:  #2E2E2E;\n\n  line-height: 49px;\n}\n\n#form-templates .contact__info-steps {\n  display: flex;\n  flex-direction: column;\n  max-width: 425x;\n  row-gap: 20px;\n  border-left: 1px solid #2e2e2e;\n}\n\n#form-templates .contact__info-block {\n  position: relative;\n  padding-left: 45px;\n}\n\n#form-templates .contact__info-block:last-child {\n  box-shadow: -1px 0 0 1px #f4f4f4;\n}\n\n#form-templates .contact__info-step {\n  position: absolute;\n  border: 1px solid #2e2e2e;\n  width: 40px;\n  height: 40px;\n  display: flex;\n  align-items: center;\n  justify-content: center;\n  border-radius: 20px;\n  left: -20px;\n  top: -8px;\n  background-color: #F4F4F4;\n  color:  #2E2E2E;\n\nfont-family: Karla;\nfont-weight: 700;\nfont-size: 18px;\nline-height: 28px;\n\n}\n\n.elementor-widget-global .contact__info-step {\n        color:  #2E2E2E;\n}\n\n#form-templates .contact__info-text {\n  margin: 0;\n  font-size: 16px;\n  line-height: 26px;\n  color: #2E2E2E;\n  font-family: karla;\n\n  width: 100%;\n}\n\n\n#form-templates .contact-us__send{\nflex-shrink: 0;\nmargin-top:0;\n}\n\n\n\n@media screen and (max-width: 1279px) {\n    .new-container #spinner{\n        width: 100%;\n        max-width:100%;\n        margin-bottom:40px;\n    }\n    \n\n    .new-container .contact__info {\n        max-width: 700px !important;\n    }\n    \n}\n\n\n@media screen and (max-width: 1279px) {\n#form-templates{\npadding: 60px 15px 70px 15px;     \n}\n}\n\n\n\n@media screen and (max-width: 767px) {\n\n#form-templates .new-container #spinner div.contact-us__wrapper:nth-child(6){\ngap:20px; \n \n}\n\n\n  #form-templates .contact__info {\n    padding: 20px 20px 40px 40px;\n    margin: 0 auto;\n  }\n\n\n#form-templates{\npadding: 40px 15px 50px 15px;  \n    \n}\n\n  \n   .new-container #spinner{\n       \n    margin-bottom:30px;   \n   }\n   \n   \n   .elementor-widget-container #form-templates .form-template h2,.elementor-widget-container.form-template h1{\n   font-size: 32px !important;\n    line-height: 42px !important;    \n   }\n   \n   \n   .elementor-widget-container #form-templates .form-template p{\n       \n    font-size: 16px;\n    line-height: 20px;  \n    margin-bottom: 30px !important;\n \n       \n   }\n   \n   #form-templates .contact__info-heading{\n   font-size: 24px !important;\n    line-height: 49px !important;    \n       \n   }\n   \n\n.mailToContact{\nmargin-top: 10px !important;        \n}\n\n   \n\n  #form-templates .contact__info-heading {\n    font-size: 24px;\n    margin-bottom: 37px;\n  }\n\n  #form-templates .contact__info-background {\n    top: 10px;\n    left: 10px;\n  }\n\n  #form-templates .contact__info-text {\n    font-size: 12px;\n    line-height: 20px;\n  }\n  \n  \n  #form-templates .contact__info-heading {\n   margin-bottom: 35px !important;\n\n}\n\n}\n\n@media (max-width: 767px) {\n    .mailToContact {\n        max-width: 100%;\n    }\n    .contact-us__wrapper .pp {\nfont-size: 12px !important;\nline-height: 140%;\nmargin-bottom: 0 !important;\n\n}\n}\n<\/style>\n\n<script>\nwindow.addEventListener('hashchange',function(e){if(window.history.pushState){window.history.pushState('','\/',window.location.pathname)}else{window.location.hash=''}})\n<\/script>\n\n\n<div id=\"form-templates\">\n<div class=\"elementor-widget-container form-template\">\n<a name=\"contact-form\"><\/a>\n<h2>Contact us<\/h2>\n<p><a id=\"calendlylink\" style=\"color: #c63031; border-bottom: 1px solid #c63031; padding: 0;\">Book a call<\/a> or fill out the form below and we\u2019ll get back to you once we\u2019ve processed your request.<\/p>\n<\/div>\n\n<div class=\"new-container\">\n\n\n<div class=\"contact-us__main\" id=\"spinner\" data-no-defer=\"1\">\n\n<div class=\"contact-us__wrapper\">\n\n<div class=\"name\">\n<label>Name<\/label>\n<span class=\"wpcf7-form-control-wrap\" data-name=\"field_name\"><input size=\"40\" maxlength=\"400\" class=\"wpcf7-form-control wpcf7-text wpcf7-validates-as-required contact-us__name\" id=\"contact-name\" aria-required=\"true\" aria-invalid=\"false\" placeholder=\"Name*\" value=\"\" type=\"text\" name=\"field_name\" \/><\/span>\n<\/div>\n\n<div class=\"company\">\n<label>Company<\/label>\n<span class=\"wpcf7-form-control-wrap\" data-name=\"company\"><input size=\"40\" maxlength=\"400\" class=\"wpcf7-form-control wpcf7-text wpcf7-validates-as-required contact-us__company\" id=\"contact-company\" aria-required=\"true\" aria-invalid=\"false\" placeholder=\"Company*\" value=\"\" type=\"text\" name=\"company\" \/><\/span>\n<\/div>\n\n<\/div>\n\n<div class=\"contact-us__wrapper\">\n\n<div class=\"email\">\n<label>Email<\/label>\n<span class=\"wpcf7-form-control-wrap\" data-name=\"email\"><input size=\"40\" maxlength=\"400\" class=\"wpcf7-form-control wpcf7-email wpcf7-validates-as-required wpcf7-text wpcf7-validates-as-email contact-us__email\" id=\"contact-email\" aria-required=\"true\" aria-invalid=\"false\" placeholder=\"Corporate email*\" value=\"\" type=\"email\" name=\"email\" \/><\/span>\n<\/div>\n\n<div class=\"phone\">\n<label>Phone<\/label>\n<span class=\"wpcf7-form-control-wrap\" data-name=\"tel\"><input size=\"40\" maxlength=\"400\" class=\"wpcf7-form-control wpcf7-tel wpcf7-validates-as-required wpcf7-text wpcf7-validates-as-tel contact-us__phone\" id=\"contact-phone\" aria-required=\"true\" aria-invalid=\"false\" placeholder=\"Phone*\" value=\"\" type=\"tel\" name=\"tel\" \/><\/span>\n<\/div>\n\n<\/div>\n<div class=\"contact-us__wrapper subj\">\n<span class=\"wpcf7-form-control-wrap\" data-name=\"your-recipient\"><select class=\"wpcf7-form-control wpcf7-select\" id=\"form-field-subj_js\" aria-invalid=\"false\" name=\"your-recipient\"><option value=\"\">Subject*<\/option><option value=\"IT staff augmentation\">IT staff augmentation<\/option><option value=\"Turnkey product development\">Turnkey product development<\/option><option value=\"Support and enhancement\">Support and enhancement<\/option><option value=\"Careers\">Careers<\/option><option value=\"Other\">Other<\/option><\/select><\/span>\n\n<span class=\"wpcf7-form-control-wrap\" data-name=\"form-field-budget_js\"><select class=\"wpcf7-form-control wpcf7-select\" id=\"form-field-budget_js\" aria-invalid=\"false\" name=\"form-field-budget_js\"><option value=\"\">Project budget<\/option><option value=\"Under $15K\">Under $15K<\/option><option value=\"$15K-$30K\">$15K-$30K<\/option><option value=\"$30K-$100K\">$30K-$100K<\/option><option value=\"$100K-$250K\">$100K-$250K<\/option><option value=\"$250K-$500K\">$250K-$500K<\/option><option value=\"More than $500K\">More than $500K<\/option><\/select><\/span>\n\n<\/div>\n\n\n<div class=\"message\">\n<label>Message<\/label>\n<span class=\"wpcf7-form-control-wrap\" data-name=\"message\"><textarea cols=\"40\" rows=\"1\" maxlength=\"2000\" class=\"wpcf7-form-control wpcf7-textarea wpcf7-validates-as-required contact-us__message\" id=\"contact-message\" aria-required=\"true\" aria-invalid=\"false\" placeholder=\"Describe your needs in detail*\" name=\"message\"><\/textarea><\/span>\n<\/div>\n\n<div class=\"atvoice-wrap\">\n\n<div class=\"voice-wrap\">\n<span id=\"voice-mut\" class=\"voicetext\">Send us a voice message<\/span>\n         <div class=\"qc_voice_audio_wrapper\">\n            <div class=\"qc_voice_audio_container\">\n                <div class=\"qc_voice_audio_upload_main\" id=\"qc_audio_main\">\n                    <a class=\"qc_audio_record_button\" id=\"qc_audio_record\" href=\"#\" aria-label=\"Record an audio message\">\n                        <span class=\"dashicons dashicons-microphone\"><\/span> \u00a0<\/a> \n                <\/div>\n\n                <div class=\"qc_voice_audio_recorder\" id=\"qc_audio_recorder\" style=\"display:none\">\n\n                <\/div>\n                <div class=\"qc_voice_audio_display\" id=\"qc_audio_display\"  style=\"display:none\">\n                    <audio id=\"qc-audio\" controls src=\"\"><\/audio>\n                    <span title=\"Remove and back to main upload screen.\" class=\"qc_audio_remove_button dashicons dashicons-trash\"><\/span>\n                <\/div>\n            <\/div>\n            <input type=\"hidden\" value=\"\" name=\"qcwpvoicemessage\" id=\"qc_audio_url\" \/>\n        <\/div>\n        \n<\/div>\n\n\n<div class=\"attach-wrap\">\n<span class=\"voicetext\">Attach documents<\/span>\n\n<div class='attachment'>\n\n<div class=\"downloaded\">\n<span><\/span>\n<div class=\"deleteFile\"><\/div>\n<\/div>\n\n<div class=\"attachmentButton\" onclick=\"(function cl(e){if(e.target.nodeName == 'DIV'){e.target.parentNode.children[1].children[0].click(); }})(arguments[0]);\">\n\n<div class=\"innerText\">Upload file<\/div>\n<span class=\"wpcf7-form-control-wrap\" data-name=\"att-files\"><input size=\"40\" class=\"wpcf7-form-control wpcf7-file\" accept=\".jpg,.png,.jpeg,.pdf\" aria-invalid=\"false\" type=\"file\" name=\"att-files\" \/><\/span>\n\n<div class=\"tip\" onclick=\"event.stopPropagation()\">\n<p>You can attach 1 file up to 2MB. Valid file formats: pdf, jpg, jpeg, png.<\/p>\n<\/div>\n\n<\/div>\n\n<\/div>\n\n<\/div>\n\n\n\n<\/div>\n\n<div class=\"contact-us__wrapper\"> \n<p class=\"pp\">By clicking Send, you consent to Innowise processing your personal data per our <a href=\"\/privacy-notice\/\">Privacy Policy<\/a> to provide you with relevant information. By submitting your phone number, you agree that we may contact you via voice calls, SMS, and messaging apps. Calling, message, and data rates may apply.<\/p>\n\n<input class=\"wpcf7-form-control wpcf7-hidden\" value=\"\" type=\"hidden\" name=\"scoring_point\" \/>\n<input class=\"wpcf7-form-control wpcf7-hidden\" value=\"\" type=\"hidden\" name=\"utmCampaign\" \/>\n<input class=\"wpcf7-form-control wpcf7-hidden\" value=\"\" type=\"hidden\" name=\"utmContent\" \/>\n<input class=\"wpcf7-form-control wpcf7-hidden\" value=\"\" type=\"hidden\" name=\"utmMedium\" \/>\n<input class=\"wpcf7-form-control wpcf7-hidden\" value=\"\" type=\"hidden\" name=\"utmSource\" \/>\n<input class=\"wpcf7-form-control wpcf7-hidden\" value=\"\" type=\"hidden\" name=\"utmTerm\" \/>\n<input class=\"wpcf7-form-control wpcf7-hidden\" value=\"\" type=\"hidden\" name=\"location\" \/>\n<input class=\"wpcf7-form-control wpcf7-hidden\" value=\"\" type=\"hidden\" name=\"city\" \/>\n<input class=\"wpcf7-form-control wpcf7-hidden\" value=\"\" type=\"hidden\" name=\"ip\" \/>\n<input class=\"wpcf7-form-control wpcf7-hidden\" value=\"\" type=\"hidden\" name=\"Summ\" \/>\n<input class=\"wpcf7-form-control wpcf7-hidden\" value=\"\" type=\"hidden\" name=\"gclid\" \/>\n<input class=\"wpcf7-form-control wpcf7-hidden\" value=\"\" type=\"hidden\" name=\"rating\" \/>\n<input class=\"wpcf7-form-control wpcf7-hidden\" value=\"\" type=\"hidden\" name=\"urlCompany\" \/>\n<input class=\"wpcf7-form-control wpcf7-hidden\" value=\"\" type=\"hidden\" name=\"urlWithParams\" \/>\n<input class=\"wpcf7-form-control wpcf7-hidden\" value=\"\" type=\"hidden\" name=\"audioMessageLink\" \/>\n<input class=\"wpcf7-form-control wpcf7-submit has-spinner contact-us__send\" id=\"contact-send-button\" type=\"submit\" value=\"Send\" \/>\n<\/div>\n\n<div class='mailToContact'>You can also send us your request <\/br>to <a href=\"mailto:contact@innowise.com\">contact@innowise.com<\/a><\/div>\n\n<\/div>\n\n<div class=\"elementor-widget-container\" style=\"z-index:1;\">\n<div class=\"contact__info\">\n  <div class=\"contact__info-background\"><\/div>\n  <div class=\"contact__info-heading\">What happens next?<\/div>\n  <div class=\"contact__info-steps\">\n\n    <div class=\"contact__info-block\">\n      <div class=\"contact__info-step\">1<\/div>\n      <p class=\"contact__info-text\">Once we\u2019ve received and processed your request, we\u2019ll get back to you to detail your\n        project needs and sign an NDA to ensure confidentiality.<\/p>\n    <\/div>\n\n    <div class=\"contact__info-block\">\n      <div class=\"contact__info-step\">2<\/div>\n      <p class=\"contact__info-text\">After examining your wants, needs, and expectations, our team will devise a project\n        proposal with the scope of work, team size, time, and cost estimates.<\/p>\n    <\/div>\n\n    <div class=\"contact__info-block\">\n      <div class=\"contact__info-step\">3<\/div>\n      <p class=\"contact__info-text\">We\u2019ll arrange a meeting with you to discuss the offer and nail down the details.<\/p>\n    <\/div>\n\n    <div class=\"contact__info-block\">\n      <div class=\"contact__info-step\">4<\/div>\n      <p class=\"contact__info-text\">Finally, we\u2019ll sign a contract and start working on your project right away.<\/p>\n    <\/div>\n  <\/div>\t\t\t\t<\/div>\n\t\t\t\t<\/div>\n\n\n<\/div>\n\n<\/div>\n\n<script>\njQuery(document).ready(function($) {\n    $('#form-field-budget_js').attr('aria-label', 'Project budget');\n});\n<\/script><div class=\"wpcf7-response-output\" aria-hidden=\"true\"><\/div>\n<\/form>\n<\/div>\n<\/div>\n\t\t\t\t\t\t<\/div>\n\t\t\t\t<\/div>\n\t\t\t\t\t<\/div>\n\t\t\t\t<\/div>\n\t\t\t\t<\/div>\n\t\t<div class=\"related_content_blog_container\">[related_content_list]<\/div><script>\n            jQuery( document ).ready(function($) {\n            var parentSection = $('[data-elementor-type=\"wp-page\"]');\n            if($('[data-elementor-type=\"wp-post\"]').length){\n                var parentSection = $('[data-elementor-type=\"wp-post\"]');\n            }\n            \n                parentSection.children().last().before($('.related_content_blog_container'));\n            });\n            <\/script><div class=\"other_services_container\">[need_other_services_v2]<\/div><script>\n                    jQuery( document ).ready(function($) {\n                        var parentSection = $('[data-elementor-type=\"wp-page\"]');\n                        if($('[data-elementor-type=\"wp-post\"]').length){\n                            var parentSection = $('[data-elementor-type=\"wp-post\"]');\n                        }\n                        \n                        console.log(parentSection);\n                        parentSection.children().last().before($('.other_services_container'));\n                        var sections = parentSection.find('.net-15.dt-16');\n                        for(var i = 0; i<sections.length; i++){\n                            if($(sections[i]).hasClass( 'net-15' ) && $(sections[i]).hasClass( 'dt-16' ) && $(sections[i]).hasClass( 'elementor-hidden-desktop' )==false){\n                                $(sections[i]).before($('.other_services_container'));   \n                            }\n                        }\n                        \n                    });\n                <\/script>","protected":false},"excerpt":{"rendered":"<p>IT-Arbeitnehmer\u00fcberlassung in Deutschland: Vorteile, Top-Anbieter und Einsatzbereiche Ivan Shatukha Sep 3, 2026 18 min read [summarize_button_ai] Auf dem Papier wirkt IT-Arbeitnehmer\u00fcberlassung unkompliziert: Sie ben\u00f6tigen einen Entwickler, ein Personaldienstleister hat den passenden Spezialisten, und dieser verst\u00e4rkt Ihr Team f\u00fcr einen begrenzten Zeitraum. In Deutschland ist dabei jedoch ein wichtiger rechtlicher Aspekt zu ber\u00fccksichtigen: IT-Arbeitnehmer\u00fcberlassung ist nicht [&hellip;]<\/p>\n","protected":false},"author":177,"featured_media":200610,"comment_status":"closed","ping_status":"closed","sticky":false,"template":"","format":"standard","meta":{"_acf_changed":true,"inline_featured_image":false,"footnotes":""},"categories":[128,1251],"class_list":["post-200608","post","type-post","status-publish","format-standard","has-post-thumbnail","hentry","category-blog","category-ivan-shatukha","tag-it-outsourcing"],"acf":[],"_links":{"self":[{"href":"https:\/\/innowise.com\/de\/wp-json\/wp\/v2\/posts\/200608","targetHints":{"allow":["GET"]}}],"collection":[{"href":"https:\/\/innowise.com\/de\/wp-json\/wp\/v2\/posts"}],"about":[{"href":"https:\/\/innowise.com\/de\/wp-json\/wp\/v2\/types\/post"}],"author":[{"embeddable":true,"href":"https:\/\/innowise.com\/de\/wp-json\/wp\/v2\/users\/177"}],"replies":[{"embeddable":true,"href":"https:\/\/innowise.com\/de\/wp-json\/wp\/v2\/comments?post=200608"}],"version-history":[{"count":0,"href":"https:\/\/innowise.com\/de\/wp-json\/wp\/v2\/posts\/200608\/revisions"}],"wp:featuredmedia":[{"embeddable":true,"href":"https:\/\/innowise.com\/de\/wp-json\/wp\/v2\/media\/200610"}],"wp:attachment":[{"href":"https:\/\/innowise.com\/de\/wp-json\/wp\/v2\/media?parent=200608"}],"wp:term":[{"taxonomy":"category","embeddable":true,"href":"https:\/\/innowise.com\/de\/wp-json\/wp\/v2\/categories?post=200608"},{"taxonomy":"post_tag","embeddable":true,"href":"https:\/\/innowise.com\/de\/wp-json\/wp\/v2\/tags?post=200608"}],"curies":[{"name":"wp","href":"https:\/\/api.w.org\/{rel}","templated":true}]}}